{"id":4686,"date":"2025-09-22T14:12:56","date_gmt":"2025-09-22T14:12:56","guid":{"rendered":"https:\/\/kriegsreisende.de\/geschichte\/?p=4686"},"modified":"2026-01-16T18:19:33","modified_gmt":"2026-01-16T18:19:33","slug":"black-robe-1991","status":"publish","type":"post","link":"https:\/\/kriegsreisende.de\/geschichte\/medien\/black-robe-1991\/","title":{"rendered":"Black Robe (1991)"},"content":{"rendered":"\n<div class=\"wp-block-columns has-palette-color-8-background-color has-background is-layout-flex wp-container-core-columns-is-layout-76f59bdb wp-block-columns-is-layout-flex\" style=\"border-style:none;border-width:0px;padding-top:var(--wp--preset--spacing--20);padding-right:0;padding-bottom:var(--wp--preset--spacing--20);padding-left:0\">\n<div class=\"wp-block-column is-layout-flow wp-block-column-is-layout-flow\" style=\"border-style:none;border-width:0px\">\n<figure class=\"wp-block-image size-full\"><img loading=\"lazy\" decoding=\"async\" width=\"500\" height=\"740\" src=\"https:\/\/kriegsreisende.de\/geschichte\/wp-content\/uploads\/2025\/09\/Black_Robe.jpg\" alt=\"\" class=\"wp-image-4689\" srcset=\"https:\/\/kriegsreisende.de\/geschichte\/wp-content\/uploads\/2025\/09\/Black_Robe.jpg 500w, https:\/\/kriegsreisende.de\/geschichte\/wp-content\/uploads\/2025\/09\/Black_Robe-300x444.jpg 300w\" sizes=\"auto, (max-width: 500px) 100vw, 500px\" \/><\/figure>\n<\/div>\n\n\n\n<div class=\"wp-block-column is-layout-flow wp-block-column-is-layout-flow\" style=\"border-style:none;border-width:0px\">\n<p class=\"has-palette-color-4-color has-text-color has-link-color has-medium-font-size wp-elements-241ca9fd4149e60cd6c3fc39408ea6a7\" style=\"font-style:normal;font-weight:600\">Regie: Bruce Beresford<\/p>\n\n\n\n<p class=\"has-medium-font-size\" style=\"font-style:normal;font-weight:600\">Drehbuch: Brian Moore<\/p>\n\n\n\n<p class=\"has-medium-font-size\" style=\"font-style:normal;font-weight:600\">Hauptdarsteller: Lothaire Bluteau, Aden Young, Sandrine Holt<\/p>\n\n\n\n<p>&#8222;<em>Black Robe&#8220;<\/em> ist kein gef\u00e4lliges Unterhaltungskino, sondern ein ernsthafter Beitrag zur historischen Auseinandersetzung mit Kolonialismus und Religion. Wer bereit ist, sich auf seine Langsamkeit und H\u00e4rte einzulassen, erlebt einen Film von nachhaltiger Wirkungskraft \u2013 und ein seltenes Beispiel daf\u00fcr, wie Geschichtskino ohne Besch\u00f6nigung funktionieren kann.<\/p>\n\n\n\n<h6 class=\"wp-block-heading\"><a href=\"https:\/\/www.imdb.com\/title\/tt0101465\/\" target=\"_blank\" rel=\"noreferrer noopener nofollow\">IMDB<\/a><\/h6>\n\n\n\n<figure class=\"wp-block-embed is-type-video is-provider-youtube wp-block-embed-youtube wp-embed-aspect-16-9 wp-has-aspect-ratio\"><div class=\"wp-block-embed__wrapper\">\n<iframe loading=\"lazy\" title=\"Black Robe (1991) ORIGINAL TRAILER [HD 1080p]\" width=\"1290\" height=\"726\" src=\"https:\/\/www.youtube.com\/embed\/a6MxdjqPfM8?feature=oembed\" frameborder=\"0\" allow=\"accelerometer; autoplay; clipboard-write; encrypted-media; gyroscope; picture-in-picture; web-share\" referrerpolicy=\"strict-origin-when-cross-origin\" allowfullscreen><\/iframe>\n<\/div><\/figure>\n<\/div>\n<\/div>\n\n\n\n<div class=\"wp-block-columns has-palette-color-8-background-color has-background is-layout-flex wp-container-core-columns-is-layout-76f59bdb wp-block-columns-is-layout-flex\" style=\"border-style:none;border-width:0px;padding-top:var(--wp--preset--spacing--20);padding-right:0;padding-bottom:var(--wp--preset--spacing--20);padding-left:0\">\n<div class=\"wp-block-column is-layout-flow wp-block-column-is-layout-flow\" style=\"border-style:none;border-width:0px;padding-right:0;padding-left:0\">\n<p class=\"wp-embed-aspect-16-9 wp-has-aspect-ratio\">Mit <em>Black Robe<\/em> inszenierte Bruce Beresford eines der eindrucksvollsten und zugleich unbequemsten Historien-Dramen der fr\u00fchen 1990er Jahre. Der Film erz\u00e4hlt von der beschwerlichen Reise des Jesuitenpaters Laforgue (Lothaire Bluteau), der im 17. Jahrhundert in die Wildnis des heutigen Kanada vordringt, um den christlichen Glauben zu verbreiten \u2013 und dabei in einen erbarmungslosen Kultur- und Glaubenskonflikt ger\u00e4t.<\/p>\n\n\n\n<p>Beresford gelingt ein Werk von ungew\u00f6hnlicher Authentizit\u00e4t. Statt auf romantisierte Bilder der &#8222;Neuen Welt&#8220; zu setzen, zeigt der Regisseur die Natur Kanadas in ihrer ganzen H\u00e4rte. Kameramann Peter James f\u00e4ngt mit langen, atmosph\u00e4rischen Einstellungen die bedrohliche Sch\u00f6nheit der Landschaft ein und schafft eine Bildsprache, die eher an eine Chronik als an ein klassisches Abenteuer erinnert.<\/p>\n\n\n\n<p>Besonders bemerkenswert ist die konsequente Einbindung der indigenen Perspektive. Dialoge in Originalsprachen, differenzierte Figurenzeichnungen und die Vermeidung stereotyper Darstellungen verleihen dem Film eine seltene Glaubw\u00fcrdigkeit. <em>Black Robe<\/em> konfrontiert sein Publikum mit den realen Spannungen zwischen Mission und Selbstbestimmung, Spiritualit\u00e4t und Machtanspruch \u2013 und verzichtet dabei auf einfache Antworten.<\/p>\n\n\n\n<p>Lothaire Bluteau \u00fcberzeugt als innerlich zerrissener Missionar, dessen Idealismus an der Wirklichkeit zerbricht. Um ihn herum entfaltet sich ein Panorama, das sowohl die Brutalit\u00e4t der Epoche als auch die spirituellen Abgr\u00fcnde seiner Figuren sichtbar macht.<\/p>\n\n\n\n<figure class=\"wp-block-image size-full\"><img loading=\"lazy\" decoding=\"async\" width=\"1024\" height=\"554\" src=\"https:\/\/kriegsreisende.de\/geschichte\/wp-content\/uploads\/2025\/09\/Black_Robe_1.jpg\" alt=\"\" class=\"wp-image-4693\" srcset=\"https:\/\/kriegsreisende.de\/geschichte\/wp-content\/uploads\/2025\/09\/Black_Robe_1.jpg 1024w, https:\/\/kriegsreisende.de\/geschichte\/wp-content\/uploads\/2025\/09\/Black_Robe_1-300x162.jpg 300w, https:\/\/kriegsreisende.de\/geschichte\/wp-content\/uploads\/2025\/09\/Black_Robe_1-768x416.jpg 768w\" sizes=\"auto, (max-width: 1024px) 100vw, 1024px\" \/><\/figure>\n\n\n\n<figure class=\"wp-block-image size-full\"><img loading=\"lazy\" decoding=\"async\" width=\"1024\" height=\"660\" src=\"https:\/\/kriegsreisende.de\/geschichte\/wp-content\/uploads\/2025\/09\/Black_Robe_2.jpg\" alt=\"\" class=\"wp-image-4694\" srcset=\"https:\/\/kriegsreisende.de\/geschichte\/wp-content\/uploads\/2025\/09\/Black_Robe_2.jpg 1024w, https:\/\/kriegsreisende.de\/geschichte\/wp-content\/uploads\/2025\/09\/Black_Robe_2-300x193.jpg 300w, https:\/\/kriegsreisende.de\/geschichte\/wp-content\/uploads\/2025\/09\/Black_Robe_2-768x495.jpg 768w\" sizes=\"auto, (max-width: 1024px) 100vw, 1024px\" \/><\/figure>\n\n\n\n<figure class=\"wp-block-image size-full\"><img loading=\"lazy\" decoding=\"async\" width=\"1024\" height=\"654\" src=\"https:\/\/kriegsreisende.de\/geschichte\/wp-content\/uploads\/2025\/09\/Black_Robe_3.jpg\" alt=\"\" class=\"wp-image-4695\" srcset=\"https:\/\/kriegsreisende.de\/geschichte\/wp-content\/uploads\/2025\/09\/Black_Robe_3.jpg 1024w, https:\/\/kriegsreisende.de\/geschichte\/wp-content\/uploads\/2025\/09\/Black_Robe_3-300x192.jpg 300w, https:\/\/kriegsreisende.de\/geschichte\/wp-content\/uploads\/2025\/09\/Black_Robe_3-768x491.jpg 768w\" sizes=\"auto, (max-width: 1024px) 100vw, 1024px\" \/><\/figure>\n\n\n\n<figure class=\"wp-block-image size-full\"><img loading=\"lazy\" decoding=\"async\" width=\"1024\" height=\"576\" src=\"https:\/\/kriegsreisende.de\/geschichte\/wp-content\/uploads\/2025\/09\/Black_Robe_4.jpg\" alt=\"\" class=\"wp-image-4696\" srcset=\"https:\/\/kriegsreisende.de\/geschichte\/wp-content\/uploads\/2025\/09\/Black_Robe_4.jpg 1024w, https:\/\/kriegsreisende.de\/geschichte\/wp-content\/uploads\/2025\/09\/Black_Robe_4-300x169.jpg 300w, https:\/\/kriegsreisende.de\/geschichte\/wp-content\/uploads\/2025\/09\/Black_Robe_4-768x432.jpg 768w\" sizes=\"auto, (max-width: 1024px) 100vw, 1024px\" \/><\/figure>\n\n\n\n<h5 class=\"wp-block-heading\">Warum ist der Film in unserem Kontext interessant?<\/h5>\n\n\n\n<p>Der Film zeigt eine fr\u00fche Phase des nordamerikanischen Kolonialismus, als Engl\u00e4nder, Franzosen und Niederl\u00e4nder w\u00e4hrend der so genannten Biberkriege versuchten die verschiedenen St\u00e4mme f\u00fcr ihre Interessen zu mobilisieren. Das Leben in der indigenen Krieger wird in seiner H\u00e4rte und Brutalit\u00e4t gezeigt ohne romantische Verkl\u00e4rungen. Als ihr eigentlich Feind erweisen sich dann auch nicht die begehrten Feuerwaffen, sondern die von den Europ\u00e4ern eingeschleppten Krankheiten.<\/p>\n<\/div>\n<\/div>\n\n\n\n<h4 class=\"wp-block-heading\">Unser Rating: 8 von 10<\/h4>\n\n\n\n<p><\/p>\n\n\n\n<p><\/p>\n\n\n\n<p><\/p>\n\n\n\n<p><\/p>\n","protected":false},"excerpt":{"rendered":"<p>Der Film zeigt eine fr\u00fche Phase des nordamerikanischen Kolonialismus, als Engl\u00e4nder, Franzosen und Niederl\u00e4nder versuchten die verschiedenen St\u00e4mme f\u00fcr ihre Interessen zu mobilisieren. <\/p>\n","protected":false},"author":1,"featured_media":4690,"comment_status":"open","ping_status":"open","sticky":false,"template":"","format":"standard","meta":{"footnotes":""},"categories":[199,156],"tags":[299,154,96,274,300],"class_list":["post-4686","post","type-post","status-publish","format-standard","has-post-thumbnail","hentry","category-filme","category-medien","tag-filmtipp","tag-kolonialismus","tag-krieger","tag-nordamerika","tag-super"],"blocksy_meta":[],"yoast_head":"<!-- This site is optimized with the Yoast SEO plugin v27.5 - https:\/\/yoast.com\/product\/yoast-seo-wordpress\/ -->\n<title>Black Robe (1991) - Kriegsreisende<\/title>\n<meta name=\"robots\" content=\"index, follow, max-snippet:-1, max-image-preview:large, max-video-preview:-1\" \/>\n<link rel=\"canonical\" href=\"https:\/\/kriegsreisende.de\/geschichte\/medien\/black-robe-1991\/\" \/>\n<meta property=\"og:locale\" content=\"de_DE\" \/>\n<meta property=\"og:type\" content=\"article\" \/>\n<meta property=\"og:title\" content=\"Black Robe (1991) - Kriegsreisende\" \/>\n<meta property=\"og:description\" content=\"Der Film zeigt eine fr\u00fche Phase des nordamerikanischen Kolonialismus, als Engl\u00e4nder, Franzosen und Niederl\u00e4nder versuchten die verschiedenen St\u00e4mme f\u00fcr ihre Interessen zu mobilisieren.\" \/>\n<meta property=\"og:url\" content=\"https:\/\/kriegsreisende.de\/geschichte\/medien\/black-robe-1991\/\" \/>\n<meta property=\"og:site_name\" content=\"Kriegsreisende\" \/>\n<meta property=\"article:publisher\" content=\"https:\/\/www.facebook.com\/profile.php\/?id=100078852462894\" \/>\n<meta property=\"article:published_time\" content=\"2025-09-22T14:12:56+00:00\" \/>\n<meta property=\"article:modified_time\" content=\"2026-01-16T18:19:33+00:00\" \/>\n<meta property=\"og:image\" content=\"https:\/\/kriegsreisende.de\/geschichte\/wp-content\/uploads\/2025\/09\/Black_Robe_ft.jpg\" \/>\n\t<meta property=\"og:image:width\" content=\"300\" \/>\n\t<meta property=\"og:image:height\" content=\"450\" \/>\n\t<meta property=\"og:image:type\" content=\"image\/jpeg\" \/>\n<meta name=\"author\" content=\"admin\" \/>\n<meta name=\"twitter:card\" content=\"summary_large_image\" \/>\n<meta name=\"twitter:creator\" content=\"@Xeno78576728\" \/>\n<meta name=\"twitter:site\" content=\"@Xeno78576728\" \/>\n<meta name=\"twitter:label1\" content=\"Geschrieben von\" \/>\n\t<meta name=\"twitter:data1\" content=\"admin\" \/>\n\t<meta name=\"twitter:label2\" content=\"Gesch\u00e4tzte Lesezeit\" \/>\n\t<meta name=\"twitter:data2\" content=\"2\u00a0Minuten\" \/>\n<script type=\"application\/ld+json\" class=\"yoast-schema-graph\">{\"@context\":\"https:\\\/\\\/schema.org\",\"@graph\":[{\"@type\":\"Article\",\"@id\":\"https:\\\/\\\/kriegsreisende.de\\\/geschichte\\\/medien\\\/black-robe-1991\\\/#article\",\"isPartOf\":{\"@id\":\"https:\\\/\\\/kriegsreisende.de\\\/geschichte\\\/medien\\\/black-robe-1991\\\/\"},\"author\":{\"name\":\"admin\",\"@id\":\"https:\\\/\\\/kriegsreisende.de\\\/geschichte\\\/#\\\/schema\\\/person\\\/388b4cee2eb722fc8a240bd0191d3ed8\"},\"headline\":\"Black Robe (1991)\",\"datePublished\":\"2025-09-22T14:12:56+00:00\",\"dateModified\":\"2026-01-16T18:19:33+00:00\",\"mainEntityOfPage\":{\"@id\":\"https:\\\/\\\/kriegsreisende.de\\\/geschichte\\\/medien\\\/black-robe-1991\\\/\"},\"wordCount\":360,\"commentCount\":0,\"publisher\":{\"@id\":\"https:\\\/\\\/kriegsreisende.de\\\/geschichte\\\/#organization\"},\"image\":{\"@id\":\"https:\\\/\\\/kriegsreisende.de\\\/geschichte\\\/medien\\\/black-robe-1991\\\/#primaryimage\"},\"thumbnailUrl\":\"https:\\\/\\\/kriegsreisende.de\\\/geschichte\\\/wp-content\\\/uploads\\\/2025\\\/09\\\/Black_Robe_ft.jpg\",\"keywords\":[\"Filmtipp\",\"Kolonialismus\",\"Krieger\",\"Nordamerika\",\"super\"],\"articleSection\":[\"Filme\",\"Medien\"],\"inLanguage\":\"de\",\"potentialAction\":[{\"@type\":\"CommentAction\",\"name\":\"Comment\",\"target\":[\"https:\\\/\\\/kriegsreisende.de\\\/geschichte\\\/medien\\\/black-robe-1991\\\/#respond\"]}]},{\"@type\":\"WebPage\",\"@id\":\"https:\\\/\\\/kriegsreisende.de\\\/geschichte\\\/medien\\\/black-robe-1991\\\/\",\"url\":\"https:\\\/\\\/kriegsreisende.de\\\/geschichte\\\/medien\\\/black-robe-1991\\\/\",\"name\":\"Black Robe (1991) - Kriegsreisende\",\"isPartOf\":{\"@id\":\"https:\\\/\\\/kriegsreisende.de\\\/geschichte\\\/#website\"},\"primaryImageOfPage\":{\"@id\":\"https:\\\/\\\/kriegsreisende.de\\\/geschichte\\\/medien\\\/black-robe-1991\\\/#primaryimage\"},\"image\":{\"@id\":\"https:\\\/\\\/kriegsreisende.de\\\/geschichte\\\/medien\\\/black-robe-1991\\\/#primaryimage\"},\"thumbnailUrl\":\"https:\\\/\\\/kriegsreisende.de\\\/geschichte\\\/wp-content\\\/uploads\\\/2025\\\/09\\\/Black_Robe_ft.jpg\",\"datePublished\":\"2025-09-22T14:12:56+00:00\",\"dateModified\":\"2026-01-16T18:19:33+00:00\",\"breadcrumb\":{\"@id\":\"https:\\\/\\\/kriegsreisende.de\\\/geschichte\\\/medien\\\/black-robe-1991\\\/#breadcrumb\"},\"inLanguage\":\"de\",\"potentialAction\":[{\"@type\":\"ReadAction\",\"target\":[\"https:\\\/\\\/kriegsreisende.de\\\/geschichte\\\/medien\\\/black-robe-1991\\\/\"]}]},{\"@type\":\"ImageObject\",\"inLanguage\":\"de\",\"@id\":\"https:\\\/\\\/kriegsreisende.de\\\/geschichte\\\/medien\\\/black-robe-1991\\\/#primaryimage\",\"url\":\"https:\\\/\\\/kriegsreisende.de\\\/geschichte\\\/wp-content\\\/uploads\\\/2025\\\/09\\\/Black_Robe_ft.jpg\",\"contentUrl\":\"https:\\\/\\\/kriegsreisende.de\\\/geschichte\\\/wp-content\\\/uploads\\\/2025\\\/09\\\/Black_Robe_ft.jpg\",\"width\":300,\"height\":450,\"caption\":\"Black Robe (1991)\"},{\"@type\":\"BreadcrumbList\",\"@id\":\"https:\\\/\\\/kriegsreisende.de\\\/geschichte\\\/medien\\\/black-robe-1991\\\/#breadcrumb\",\"itemListElement\":[{\"@type\":\"ListItem\",\"position\":1,\"name\":\"Home\",\"item\":\"https:\\\/\\\/kriegsreisende.de\\\/geschichte\\\/\"},{\"@type\":\"ListItem\",\"position\":2,\"name\":\"Black Robe (1991)\"}]},{\"@type\":\"WebSite\",\"@id\":\"https:\\\/\\\/kriegsreisende.de\\\/geschichte\\\/#website\",\"url\":\"https:\\\/\\\/kriegsreisende.de\\\/geschichte\\\/\",\"name\":\"Kriegsreisende\",\"description\":\"Die Geschichte der S\u00f6ldner\",\"publisher\":{\"@id\":\"https:\\\/\\\/kriegsreisende.de\\\/geschichte\\\/#organization\"},\"potentialAction\":[{\"@type\":\"SearchAction\",\"target\":{\"@type\":\"EntryPoint\",\"urlTemplate\":\"https:\\\/\\\/kriegsreisende.de\\\/geschichte\\\/?s={search_term_string}\"},\"query-input\":{\"@type\":\"PropertyValueSpecification\",\"valueRequired\":true,\"valueName\":\"search_term_string\"}}],\"inLanguage\":\"de\"},{\"@type\":\"Organization\",\"@id\":\"https:\\\/\\\/kriegsreisende.de\\\/geschichte\\\/#organization\",\"name\":\"Kriegsreisende\",\"url\":\"https:\\\/\\\/kriegsreisende.de\\\/geschichte\\\/\",\"logo\":{\"@type\":\"ImageObject\",\"inLanguage\":\"de\",\"@id\":\"https:\\\/\\\/kriegsreisende.de\\\/geschichte\\\/#\\\/schema\\\/logo\\\/image\\\/\",\"url\":\"https:\\\/\\\/kriegsreisende.de\\\/geschichte\\\/wp-content\\\/uploads\\\/2024\\\/10\\\/kr-logo.jpg\",\"contentUrl\":\"https:\\\/\\\/kriegsreisende.de\\\/geschichte\\\/wp-content\\\/uploads\\\/2024\\\/10\\\/kr-logo.jpg\",\"width\":114,\"height\":115,\"caption\":\"Kriegsreisende\"},\"image\":{\"@id\":\"https:\\\/\\\/kriegsreisende.de\\\/geschichte\\\/#\\\/schema\\\/logo\\\/image\\\/\"},\"sameAs\":[\"https:\\\/\\\/www.facebook.com\\\/profile.php\\\/?id=100078852462894\",\"https:\\\/\\\/x.com\\\/Xeno78576728\",\"https:\\\/\\\/kriegsreisende.blogspot.com\\\/\"]},{\"@type\":\"Person\",\"@id\":\"https:\\\/\\\/kriegsreisende.de\\\/geschichte\\\/#\\\/schema\\\/person\\\/388b4cee2eb722fc8a240bd0191d3ed8\",\"name\":\"admin\",\"image\":{\"@type\":\"ImageObject\",\"inLanguage\":\"de\",\"@id\":\"https:\\\/\\\/secure.gravatar.com\\\/avatar\\\/4cb2008c2f8581edc32f94e576198e85aa28fab26d76622200388f78f12d0082?s=96&d=mm&r=g\",\"url\":\"https:\\\/\\\/secure.gravatar.com\\\/avatar\\\/4cb2008c2f8581edc32f94e576198e85aa28fab26d76622200388f78f12d0082?s=96&d=mm&r=g\",\"contentUrl\":\"https:\\\/\\\/secure.gravatar.com\\\/avatar\\\/4cb2008c2f8581edc32f94e576198e85aa28fab26d76622200388f78f12d0082?s=96&d=mm&r=g\",\"caption\":\"admin\"},\"sameAs\":[\"http:\\\/\\\/kriegsreisende.de\\\/geschichte\"],\"url\":\"https:\\\/\\\/kriegsreisende.de\\\/geschichte\\\/author\\\/admin\\\/\"}]}<\/script>\n<!-- \/ Yoast SEO plugin. -->","yoast_head_json":{"title":"Black Robe (1991) - Kriegsreisende","robots":{"index":"index","follow":"follow","max-snippet":"max-snippet:-1","max-image-preview":"max-image-preview:large","max-video-preview":"max-video-preview:-1"},"canonical":"https:\/\/kriegsreisende.de\/geschichte\/medien\/black-robe-1991\/","og_locale":"de_DE","og_type":"article","og_title":"Black Robe (1991) - Kriegsreisende","og_description":"Der Film zeigt eine fr\u00fche Phase des nordamerikanischen Kolonialismus, als Engl\u00e4nder, Franzosen und Niederl\u00e4nder versuchten die verschiedenen St\u00e4mme f\u00fcr ihre Interessen zu mobilisieren.","og_url":"https:\/\/kriegsreisende.de\/geschichte\/medien\/black-robe-1991\/","og_site_name":"Kriegsreisende","article_publisher":"https:\/\/www.facebook.com\/profile.php\/?id=100078852462894","article_published_time":"2025-09-22T14:12:56+00:00","article_modified_time":"2026-01-16T18:19:33+00:00","og_image":[{"width":300,"height":450,"url":"https:\/\/kriegsreisende.de\/geschichte\/wp-content\/uploads\/2025\/09\/Black_Robe_ft.jpg","type":"image\/jpeg"}],"author":"admin","twitter_card":"summary_large_image","twitter_creator":"@Xeno78576728","twitter_site":"@Xeno78576728","twitter_misc":{"Geschrieben von":"admin","Gesch\u00e4tzte Lesezeit":"2\u00a0Minuten"},"schema":{"@context":"https:\/\/schema.org","@graph":[{"@type":"Article","@id":"https:\/\/kriegsreisende.de\/geschichte\/medien\/black-robe-1991\/#article","isPartOf":{"@id":"https:\/\/kriegsreisende.de\/geschichte\/medien\/black-robe-1991\/"},"author":{"name":"admin","@id":"https:\/\/kriegsreisende.de\/geschichte\/#\/schema\/person\/388b4cee2eb722fc8a240bd0191d3ed8"},"headline":"Black Robe (1991)","datePublished":"2025-09-22T14:12:56+00:00","dateModified":"2026-01-16T18:19:33+00:00","mainEntityOfPage":{"@id":"https:\/\/kriegsreisende.de\/geschichte\/medien\/black-robe-1991\/"},"wordCount":360,"commentCount":0,"publisher":{"@id":"https:\/\/kriegsreisende.de\/geschichte\/#organization"},"image":{"@id":"https:\/\/kriegsreisende.de\/geschichte\/medien\/black-robe-1991\/#primaryimage"},"thumbnailUrl":"https:\/\/kriegsreisende.de\/geschichte\/wp-content\/uploads\/2025\/09\/Black_Robe_ft.jpg","keywords":["Filmtipp","Kolonialismus","Krieger","Nordamerika","super"],"articleSection":["Filme","Medien"],"inLanguage":"de","potentialAction":[{"@type":"CommentAction","name":"Comment","target":["https:\/\/kriegsreisende.de\/geschichte\/medien\/black-robe-1991\/#respond"]}]},{"@type":"WebPage","@id":"https:\/\/kriegsreisende.de\/geschichte\/medien\/black-robe-1991\/","url":"https:\/\/kriegsreisende.de\/geschichte\/medien\/black-robe-1991\/","name":"Black Robe (1991) - Kriegsreisende","isPartOf":{"@id":"https:\/\/kriegsreisende.de\/geschichte\/#website"},"primaryImageOfPage":{"@id":"https:\/\/kriegsreisende.de\/geschichte\/medien\/black-robe-1991\/#primaryimage"},"image":{"@id":"https:\/\/kriegsreisende.de\/geschichte\/medien\/black-robe-1991\/#primaryimage"},"thumbnailUrl":"https:\/\/kriegsreisende.de\/geschichte\/wp-content\/uploads\/2025\/09\/Black_Robe_ft.jpg","datePublished":"2025-09-22T14:12:56+00:00","dateModified":"2026-01-16T18:19:33+00:00","breadcrumb":{"@id":"https:\/\/kriegsreisende.de\/geschichte\/medien\/black-robe-1991\/#breadcrumb"},"inLanguage":"de","potentialAction":[{"@type":"ReadAction","target":["https:\/\/kriegsreisende.de\/geschichte\/medien\/black-robe-1991\/"]}]},{"@type":"ImageObject","inLanguage":"de","@id":"https:\/\/kriegsreisende.de\/geschichte\/medien\/black-robe-1991\/#primaryimage","url":"https:\/\/kriegsreisende.de\/geschichte\/wp-content\/uploads\/2025\/09\/Black_Robe_ft.jpg","contentUrl":"https:\/\/kriegsreisende.de\/geschichte\/wp-content\/uploads\/2025\/09\/Black_Robe_ft.jpg","width":300,"height":450,"caption":"Black Robe (1991)"},{"@type":"BreadcrumbList","@id":"https:\/\/kriegsreisende.de\/geschichte\/medien\/black-robe-1991\/#breadcrumb","itemListElement":[{"@type":"ListItem","position":1,"name":"Home","item":"https:\/\/kriegsreisende.de\/geschichte\/"},{"@type":"ListItem","position":2,"name":"Black Robe (1991)"}]},{"@type":"WebSite","@id":"https:\/\/kriegsreisende.de\/geschichte\/#website","url":"https:\/\/kriegsreisende.de\/geschichte\/","name":"Kriegsreisende","description":"Die Geschichte der S\u00f6ldner","publisher":{"@id":"https:\/\/kriegsreisende.de\/geschichte\/#organization"},"potentialAction":[{"@type":"SearchAction","target":{"@type":"EntryPoint","urlTemplate":"https:\/\/kriegsreisende.de\/geschichte\/?s={search_term_string}"},"query-input":{"@type":"PropertyValueSpecification","valueRequired":true,"valueName":"search_term_string"}}],"inLanguage":"de"},{"@type":"Organization","@id":"https:\/\/kriegsreisende.de\/geschichte\/#organization","name":"Kriegsreisende","url":"https:\/\/kriegsreisende.de\/geschichte\/","logo":{"@type":"ImageObject","inLanguage":"de","@id":"https:\/\/kriegsreisende.de\/geschichte\/#\/schema\/logo\/image\/","url":"https:\/\/kriegsreisende.de\/geschichte\/wp-content\/uploads\/2024\/10\/kr-logo.jpg","contentUrl":"https:\/\/kriegsreisende.de\/geschichte\/wp-content\/uploads\/2024\/10\/kr-logo.jpg","width":114,"height":115,"caption":"Kriegsreisende"},"image":{"@id":"https:\/\/kriegsreisende.de\/geschichte\/#\/schema\/logo\/image\/"},"sameAs":["https:\/\/www.facebook.com\/profile.php\/?id=100078852462894","https:\/\/x.com\/Xeno78576728","https:\/\/kriegsreisende.blogspot.com\/"]},{"@type":"Person","@id":"https:\/\/kriegsreisende.de\/geschichte\/#\/schema\/person\/388b4cee2eb722fc8a240bd0191d3ed8","name":"admin","image":{"@type":"ImageObject","inLanguage":"de","@id":"https:\/\/secure.gravatar.com\/avatar\/4cb2008c2f8581edc32f94e576198e85aa28fab26d76622200388f78f12d0082?s=96&d=mm&r=g","url":"https:\/\/secure.gravatar.com\/avatar\/4cb2008c2f8581edc32f94e576198e85aa28fab26d76622200388f78f12d0082?s=96&d=mm&r=g","contentUrl":"https:\/\/secure.gravatar.com\/avatar\/4cb2008c2f8581edc32f94e576198e85aa28fab26d76622200388f78f12d0082?s=96&d=mm&r=g","caption":"admin"},"sameAs":["http:\/\/kriegsreisende.de\/geschichte"],"url":"https:\/\/kriegsreisende.de\/geschichte\/author\/admin\/"}]}},"_links":{"self":[{"href":"https:\/\/kriegsreisende.de\/geschichte\/wp-json\/wp\/v2\/posts\/4686","targetHints":{"allow":["GET"]}}],"collection":[{"href":"https:\/\/kriegsreisende.de\/geschichte\/wp-json\/wp\/v2\/posts"}],"about":[{"href":"https:\/\/kriegsreisende.de\/geschichte\/wp-json\/wp\/v2\/types\/post"}],"author":[{"embeddable":true,"href":"https:\/\/kriegsreisende.de\/geschichte\/wp-json\/wp\/v2\/users\/1"}],"replies":[{"embeddable":true,"href":"https:\/\/kriegsreisende.de\/geschichte\/wp-json\/wp\/v2\/comments?post=4686"}],"version-history":[{"count":10,"href":"https:\/\/kriegsreisende.de\/geschichte\/wp-json\/wp\/v2\/posts\/4686\/revisions"}],"predecessor-version":[{"id":5088,"href":"https:\/\/kriegsreisende.de\/geschichte\/wp-json\/wp\/v2\/posts\/4686\/revisions\/5088"}],"wp:featuredmedia":[{"embeddable":true,"href":"https:\/\/kriegsreisende.de\/geschichte\/wp-json\/wp\/v2\/media\/4690"}],"wp:attachment":[{"href":"https:\/\/kriegsreisende.de\/geschichte\/wp-json\/wp\/v2\/media?parent=4686"}],"wp:term":[{"taxonomy":"category","embeddable":true,"href":"https:\/\/kriegsreisende.de\/geschichte\/wp-json\/wp\/v2\/categories?post=4686"},{"taxonomy":"post_tag","embeddable":true,"href":"https:\/\/kriegsreisende.de\/geschichte\/wp-json\/wp\/v2\/tags?post=4686"}],"curies":[{"name":"wp","href":"https:\/\/api.w.org\/{rel}","templated":true}]}}