{"id":4026,"date":"2025-04-11T15:25:21","date_gmt":"2025-04-11T15:25:21","guid":{"rendered":"https:\/\/kriegsreisende.de\/geschichte\/?p=4026"},"modified":"2025-04-11T15:25:22","modified_gmt":"2025-04-11T15:25:22","slug":"nicolas-von-luckner-1722-1794","status":"publish","type":"post","link":"https:\/\/kriegsreisende.de\/geschichte\/biographien\/nicolas-von-luckner-1722-1794\/","title":{"rendered":"Nicolas von Luckner (1722-1794)"},"content":{"rendered":"\n<figure class=\"wp-block-image alignleft size-full\"><img loading=\"lazy\" decoding=\"async\" width=\"200\" height=\"275\" src=\"https:\/\/kriegsreisende.de\/geschichte\/wp-content\/uploads\/2025\/04\/luckner.jpg\" alt=\"\" class=\"wp-image-4027\"\/><\/figure>\n\n\n\n<p>Graf Nikolaus Luckner wurde 1722 in Bayern als B\u00fcrgersohn geboren. Er besuchte das Gymnasium und danach eine Jesuitenschule. Mit 15 Jahren schloss er sich einem aus Passau in den T\u00fcrkenkrieg ziehenden Infanterieregiment an. Nahm am \u00f6sterreichischen Erbfolgekrieg teil. Heiratete sp\u00e4ter reich in Holland, und zog nach Holstein. Nach Ausbruch des 7-j\u00e4hrigen Krieges warb er 200 Husaren und stellte sich dem Herzog von Braunschweig zur Verf\u00fcgung. Schlug sich gut und wurde im Verlauf des Krieges Generalleutnant, f\u00fchrte eine Brigade. Wurde nach Kriegsende nicht in preu\u00dfische Armee \u00fcbernommen. Ging deshalb nach Frankreich und wurde dort 1763 General, allerdings freigestellt. Lebte auf seinen G\u00fctern in Holstein, wurde 1784 vom d\u00e4nischen K\u00f6nig in Grafenstand erhoben. Nach Franz\u00f6sischer Revolution wurde er mobilisiert, bekam 1791 ein Armeekorps. Wurde Marschall. F\u00fchrte 1792 sehr unentschlossen die franz\u00f6sische Zentralarmee bei Metz gegen Preu\u00dfen, \u00fcbernahm Nordarmee gegen \u00f6stereichische Armee in \u00e4u\u00dferst schlechtem Zustand. Man\u00f6vrierte unentschlossen, weshalb man ihn f\u00fcr heimlichen Royalisten hielt. Wurde schlie\u00dflich abberufen. Beim ersten Prozess wegen Hochverrat wurde er freigesprochen. 1794 in Paris zum Tod verurteilt und enthauptet.<\/p>\n\n\n\n<p><\/p>\n","protected":false},"excerpt":{"rendered":"<p>ein Marschall Frankreichs<\/p>\n","protected":false},"author":1,"featured_media":4029,"comment_status":"open","ping_status":"open","sticky":false,"template":"","format":"standard","meta":{"footnotes":""},"categories":[53,35],"tags":[87,259,253],"class_list":["post-4026","post","type-post","status-publish","format-standard","has-post-thumbnail","hentry","category-absolutismus","category-biographien","tag-frankreich","tag-hingerichtet","tag-offizier"],"blocksy_meta":[],"yoast_head":"<!-- This site is optimized with the Yoast SEO plugin v27.5 - https:\/\/yoast.com\/product\/yoast-seo-wordpress\/ -->\n<title>Nicolas von Luckner (1722-1794) - Kriegsreisende<\/title>\n<meta name=\"robots\" content=\"index, follow, max-snippet:-1, max-image-preview:large, max-video-preview:-1\" \/>\n<link rel=\"canonical\" href=\"https:\/\/kriegsreisende.de\/geschichte\/biographien\/nicolas-von-luckner-1722-1794\/\" \/>\n<meta property=\"og:locale\" content=\"de_DE\" \/>\n<meta property=\"og:type\" content=\"article\" \/>\n<meta property=\"og:title\" content=\"Nicolas von Luckner (1722-1794) - Kriegsreisende\" \/>\n<meta property=\"og:description\" content=\"ein Marschall Frankreichs\" \/>\n<meta property=\"og:url\" content=\"https:\/\/kriegsreisende.de\/geschichte\/biographien\/nicolas-von-luckner-1722-1794\/\" \/>\n<meta property=\"og:site_name\" content=\"Kriegsreisende\" \/>\n<meta property=\"article:publisher\" content=\"https:\/\/www.facebook.com\/profile.php\/?id=100078852462894\" \/>\n<meta property=\"article:published_time\" content=\"2025-04-11T15:25:21+00:00\" \/>\n<meta property=\"article:modified_time\" content=\"2025-04-11T15:25:22+00:00\" \/>\n<meta property=\"og:image\" content=\"https:\/\/kriegsreisende.de\/geschichte\/wp-content\/uploads\/2025\/04\/luckner-ft.jpg\" \/>\n\t<meta property=\"og:image:width\" content=\"200\" \/>\n\t<meta property=\"og:image:height\" content=\"200\" \/>\n\t<meta property=\"og:image:type\" content=\"image\/jpeg\" \/>\n<meta name=\"author\" content=\"admin\" \/>\n<meta name=\"twitter:card\" content=\"summary_large_image\" \/>\n<meta name=\"twitter:creator\" content=\"@Xeno78576728\" \/>\n<meta name=\"twitter:site\" content=\"@Xeno78576728\" \/>\n<meta name=\"twitter:label1\" content=\"Geschrieben von\" \/>\n\t<meta name=\"twitter:data1\" content=\"admin\" \/>\n\t<meta name=\"twitter:label2\" content=\"Gesch\u00e4tzte Lesezeit\" \/>\n\t<meta name=\"twitter:data2\" content=\"1\u00a0Minute\" \/>\n<script type=\"application\/ld+json\" class=\"yoast-schema-graph\">{\"@context\":\"https:\\\/\\\/schema.org\",\"@graph\":[{\"@type\":\"Article\",\"@id\":\"https:\\\/\\\/kriegsreisende.de\\\/geschichte\\\/biographien\\\/nicolas-von-luckner-1722-1794\\\/#article\",\"isPartOf\":{\"@id\":\"https:\\\/\\\/kriegsreisende.de\\\/geschichte\\\/biographien\\\/nicolas-von-luckner-1722-1794\\\/\"},\"author\":{\"name\":\"admin\",\"@id\":\"https:\\\/\\\/kriegsreisende.de\\\/geschichte\\\/#\\\/schema\\\/person\\\/388b4cee2eb722fc8a240bd0191d3ed8\"},\"headline\":\"Nicolas von Luckner (1722-1794)\",\"datePublished\":\"2025-04-11T15:25:21+00:00\",\"dateModified\":\"2025-04-11T15:25:22+00:00\",\"mainEntityOfPage\":{\"@id\":\"https:\\\/\\\/kriegsreisende.de\\\/geschichte\\\/biographien\\\/nicolas-von-luckner-1722-1794\\\/\"},\"wordCount\":185,\"commentCount\":0,\"publisher\":{\"@id\":\"https:\\\/\\\/kriegsreisende.de\\\/geschichte\\\/#organization\"},\"image\":{\"@id\":\"https:\\\/\\\/kriegsreisende.de\\\/geschichte\\\/biographien\\\/nicolas-von-luckner-1722-1794\\\/#primaryimage\"},\"thumbnailUrl\":\"https:\\\/\\\/kriegsreisende.de\\\/geschichte\\\/wp-content\\\/uploads\\\/2025\\\/04\\\/luckner-ft.jpg\",\"keywords\":[\"Frankreich\",\"hingerichtet\",\"Offizier\"],\"articleSection\":[\"Absolutismus\",\"Biographien\"],\"inLanguage\":\"de\",\"potentialAction\":[{\"@type\":\"CommentAction\",\"name\":\"Comment\",\"target\":[\"https:\\\/\\\/kriegsreisende.de\\\/geschichte\\\/biographien\\\/nicolas-von-luckner-1722-1794\\\/#respond\"]}]},{\"@type\":\"WebPage\",\"@id\":\"https:\\\/\\\/kriegsreisende.de\\\/geschichte\\\/biographien\\\/nicolas-von-luckner-1722-1794\\\/\",\"url\":\"https:\\\/\\\/kriegsreisende.de\\\/geschichte\\\/biographien\\\/nicolas-von-luckner-1722-1794\\\/\",\"name\":\"Nicolas von Luckner (1722-1794) - Kriegsreisende\",\"isPartOf\":{\"@id\":\"https:\\\/\\\/kriegsreisende.de\\\/geschichte\\\/#website\"},\"primaryImageOfPage\":{\"@id\":\"https:\\\/\\\/kriegsreisende.de\\\/geschichte\\\/biographien\\\/nicolas-von-luckner-1722-1794\\\/#primaryimage\"},\"image\":{\"@id\":\"https:\\\/\\\/kriegsreisende.de\\\/geschichte\\\/biographien\\\/nicolas-von-luckner-1722-1794\\\/#primaryimage\"},\"thumbnailUrl\":\"https:\\\/\\\/kriegsreisende.de\\\/geschichte\\\/wp-content\\\/uploads\\\/2025\\\/04\\\/luckner-ft.jpg\",\"datePublished\":\"2025-04-11T15:25:21+00:00\",\"dateModified\":\"2025-04-11T15:25:22+00:00\",\"breadcrumb\":{\"@id\":\"https:\\\/\\\/kriegsreisende.de\\\/geschichte\\\/biographien\\\/nicolas-von-luckner-1722-1794\\\/#breadcrumb\"},\"inLanguage\":\"de\",\"potentialAction\":[{\"@type\":\"ReadAction\",\"target\":[\"https:\\\/\\\/kriegsreisende.de\\\/geschichte\\\/biographien\\\/nicolas-von-luckner-1722-1794\\\/\"]}]},{\"@type\":\"ImageObject\",\"inLanguage\":\"de\",\"@id\":\"https:\\\/\\\/kriegsreisende.de\\\/geschichte\\\/biographien\\\/nicolas-von-luckner-1722-1794\\\/#primaryimage\",\"url\":\"https:\\\/\\\/kriegsreisende.de\\\/geschichte\\\/wp-content\\\/uploads\\\/2025\\\/04\\\/luckner-ft.jpg\",\"contentUrl\":\"https:\\\/\\\/kriegsreisende.de\\\/geschichte\\\/wp-content\\\/uploads\\\/2025\\\/04\\\/luckner-ft.jpg\",\"width\":200,\"height\":200},{\"@type\":\"BreadcrumbList\",\"@id\":\"https:\\\/\\\/kriegsreisende.de\\\/geschichte\\\/biographien\\\/nicolas-von-luckner-1722-1794\\\/#breadcrumb\",\"itemListElement\":[{\"@type\":\"ListItem\",\"position\":1,\"name\":\"Home\",\"item\":\"https:\\\/\\\/kriegsreisende.de\\\/geschichte\\\/\"},{\"@type\":\"ListItem\",\"position\":2,\"name\":\"Nicolas von Luckner (1722-1794)\"}]},{\"@type\":\"WebSite\",\"@id\":\"https:\\\/\\\/kriegsreisende.de\\\/geschichte\\\/#website\",\"url\":\"https:\\\/\\\/kriegsreisende.de\\\/geschichte\\\/\",\"name\":\"Kriegsreisende\",\"description\":\"Die Geschichte der S\u00f6ldner\",\"publisher\":{\"@id\":\"https:\\\/\\\/kriegsreisende.de\\\/geschichte\\\/#organization\"},\"potentialAction\":[{\"@type\":\"SearchAction\",\"target\":{\"@type\":\"EntryPoint\",\"urlTemplate\":\"https:\\\/\\\/kriegsreisende.de\\\/geschichte\\\/?s={search_term_string}\"},\"query-input\":{\"@type\":\"PropertyValueSpecification\",\"valueRequired\":true,\"valueName\":\"search_term_string\"}}],\"inLanguage\":\"de\"},{\"@type\":\"Organization\",\"@id\":\"https:\\\/\\\/kriegsreisende.de\\\/geschichte\\\/#organization\",\"name\":\"Kriegsreisende\",\"url\":\"https:\\\/\\\/kriegsreisende.de\\\/geschichte\\\/\",\"logo\":{\"@type\":\"ImageObject\",\"inLanguage\":\"de\",\"@id\":\"https:\\\/\\\/kriegsreisende.de\\\/geschichte\\\/#\\\/schema\\\/logo\\\/image\\\/\",\"url\":\"https:\\\/\\\/kriegsreisende.de\\\/geschichte\\\/wp-content\\\/uploads\\\/2024\\\/10\\\/kr-logo.jpg\",\"contentUrl\":\"https:\\\/\\\/kriegsreisende.de\\\/geschichte\\\/wp-content\\\/uploads\\\/2024\\\/10\\\/kr-logo.jpg\",\"width\":114,\"height\":115,\"caption\":\"Kriegsreisende\"},\"image\":{\"@id\":\"https:\\\/\\\/kriegsreisende.de\\\/geschichte\\\/#\\\/schema\\\/logo\\\/image\\\/\"},\"sameAs\":[\"https:\\\/\\\/www.facebook.com\\\/profile.php\\\/?id=100078852462894\",\"https:\\\/\\\/x.com\\\/Xeno78576728\",\"https:\\\/\\\/kriegsreisende.blogspot.com\\\/\"]},{\"@type\":\"Person\",\"@id\":\"https:\\\/\\\/kriegsreisende.de\\\/geschichte\\\/#\\\/schema\\\/person\\\/388b4cee2eb722fc8a240bd0191d3ed8\",\"name\":\"admin\",\"image\":{\"@type\":\"ImageObject\",\"inLanguage\":\"de\",\"@id\":\"https:\\\/\\\/secure.gravatar.com\\\/avatar\\\/4cb2008c2f8581edc32f94e576198e85aa28fab26d76622200388f78f12d0082?s=96&d=mm&r=g\",\"url\":\"https:\\\/\\\/secure.gravatar.com\\\/avatar\\\/4cb2008c2f8581edc32f94e576198e85aa28fab26d76622200388f78f12d0082?s=96&d=mm&r=g\",\"contentUrl\":\"https:\\\/\\\/secure.gravatar.com\\\/avatar\\\/4cb2008c2f8581edc32f94e576198e85aa28fab26d76622200388f78f12d0082?s=96&d=mm&r=g\",\"caption\":\"admin\"},\"sameAs\":[\"http:\\\/\\\/kriegsreisende.de\\\/geschichte\"],\"url\":\"https:\\\/\\\/kriegsreisende.de\\\/geschichte\\\/author\\\/admin\\\/\"}]}<\/script>\n<!-- \/ Yoast SEO plugin. -->","yoast_head_json":{"title":"Nicolas von Luckner (1722-1794) - Kriegsreisende","robots":{"index":"index","follow":"follow","max-snippet":"max-snippet:-1","max-image-preview":"max-image-preview:large","max-video-preview":"max-video-preview:-1"},"canonical":"https:\/\/kriegsreisende.de\/geschichte\/biographien\/nicolas-von-luckner-1722-1794\/","og_locale":"de_DE","og_type":"article","og_title":"Nicolas von Luckner (1722-1794) - Kriegsreisende","og_description":"ein Marschall Frankreichs","og_url":"https:\/\/kriegsreisende.de\/geschichte\/biographien\/nicolas-von-luckner-1722-1794\/","og_site_name":"Kriegsreisende","article_publisher":"https:\/\/www.facebook.com\/profile.php\/?id=100078852462894","article_published_time":"2025-04-11T15:25:21+00:00","article_modified_time":"2025-04-11T15:25:22+00:00","og_image":[{"width":200,"height":200,"url":"https:\/\/kriegsreisende.de\/geschichte\/wp-content\/uploads\/2025\/04\/luckner-ft.jpg","type":"image\/jpeg"}],"author":"admin","twitter_card":"summary_large_image","twitter_creator":"@Xeno78576728","twitter_site":"@Xeno78576728","twitter_misc":{"Geschrieben von":"admin","Gesch\u00e4tzte Lesezeit":"1\u00a0Minute"},"schema":{"@context":"https:\/\/schema.org","@graph":[{"@type":"Article","@id":"https:\/\/kriegsreisende.de\/geschichte\/biographien\/nicolas-von-luckner-1722-1794\/#article","isPartOf":{"@id":"https:\/\/kriegsreisende.de\/geschichte\/biographien\/nicolas-von-luckner-1722-1794\/"},"author":{"name":"admin","@id":"https:\/\/kriegsreisende.de\/geschichte\/#\/schema\/person\/388b4cee2eb722fc8a240bd0191d3ed8"},"headline":"Nicolas von Luckner (1722-1794)","datePublished":"2025-04-11T15:25:21+00:00","dateModified":"2025-04-11T15:25:22+00:00","mainEntityOfPage":{"@id":"https:\/\/kriegsreisende.de\/geschichte\/biographien\/nicolas-von-luckner-1722-1794\/"},"wordCount":185,"commentCount":0,"publisher":{"@id":"https:\/\/kriegsreisende.de\/geschichte\/#organization"},"image":{"@id":"https:\/\/kriegsreisende.de\/geschichte\/biographien\/nicolas-von-luckner-1722-1794\/#primaryimage"},"thumbnailUrl":"https:\/\/kriegsreisende.de\/geschichte\/wp-content\/uploads\/2025\/04\/luckner-ft.jpg","keywords":["Frankreich","hingerichtet","Offizier"],"articleSection":["Absolutismus","Biographien"],"inLanguage":"de","potentialAction":[{"@type":"CommentAction","name":"Comment","target":["https:\/\/kriegsreisende.de\/geschichte\/biographien\/nicolas-von-luckner-1722-1794\/#respond"]}]},{"@type":"WebPage","@id":"https:\/\/kriegsreisende.de\/geschichte\/biographien\/nicolas-von-luckner-1722-1794\/","url":"https:\/\/kriegsreisende.de\/geschichte\/biographien\/nicolas-von-luckner-1722-1794\/","name":"Nicolas von Luckner (1722-1794) - Kriegsreisende","isPartOf":{"@id":"https:\/\/kriegsreisende.de\/geschichte\/#website"},"primaryImageOfPage":{"@id":"https:\/\/kriegsreisende.de\/geschichte\/biographien\/nicolas-von-luckner-1722-1794\/#primaryimage"},"image":{"@id":"https:\/\/kriegsreisende.de\/geschichte\/biographien\/nicolas-von-luckner-1722-1794\/#primaryimage"},"thumbnailUrl":"https:\/\/kriegsreisende.de\/geschichte\/wp-content\/uploads\/2025\/04\/luckner-ft.jpg","datePublished":"2025-04-11T15:25:21+00:00","dateModified":"2025-04-11T15:25:22+00:00","breadcrumb":{"@id":"https:\/\/kriegsreisende.de\/geschichte\/biographien\/nicolas-von-luckner-1722-1794\/#breadcrumb"},"inLanguage":"de","potentialAction":[{"@type":"ReadAction","target":["https:\/\/kriegsreisende.de\/geschichte\/biographien\/nicolas-von-luckner-1722-1794\/"]}]},{"@type":"ImageObject","inLanguage":"de","@id":"https:\/\/kriegsreisende.de\/geschichte\/biographien\/nicolas-von-luckner-1722-1794\/#primaryimage","url":"https:\/\/kriegsreisende.de\/geschichte\/wp-content\/uploads\/2025\/04\/luckner-ft.jpg","contentUrl":"https:\/\/kriegsreisende.de\/geschichte\/wp-content\/uploads\/2025\/04\/luckner-ft.jpg","width":200,"height":200},{"@type":"BreadcrumbList","@id":"https:\/\/kriegsreisende.de\/geschichte\/biographien\/nicolas-von-luckner-1722-1794\/#breadcrumb","itemListElement":[{"@type":"ListItem","position":1,"name":"Home","item":"https:\/\/kriegsreisende.de\/geschichte\/"},{"@type":"ListItem","position":2,"name":"Nicolas von Luckner (1722-1794)"}]},{"@type":"WebSite","@id":"https:\/\/kriegsreisende.de\/geschichte\/#website","url":"https:\/\/kriegsreisende.de\/geschichte\/","name":"Kriegsreisende","description":"Die Geschichte der S\u00f6ldner","publisher":{"@id":"https:\/\/kriegsreisende.de\/geschichte\/#organization"},"potentialAction":[{"@type":"SearchAction","target":{"@type":"EntryPoint","urlTemplate":"https:\/\/kriegsreisende.de\/geschichte\/?s={search_term_string}"},"query-input":{"@type":"PropertyValueSpecification","valueRequired":true,"valueName":"search_term_string"}}],"inLanguage":"de"},{"@type":"Organization","@id":"https:\/\/kriegsreisende.de\/geschichte\/#organization","name":"Kriegsreisende","url":"https:\/\/kriegsreisende.de\/geschichte\/","logo":{"@type":"ImageObject","inLanguage":"de","@id":"https:\/\/kriegsreisende.de\/geschichte\/#\/schema\/logo\/image\/","url":"https:\/\/kriegsreisende.de\/geschichte\/wp-content\/uploads\/2024\/10\/kr-logo.jpg","contentUrl":"https:\/\/kriegsreisende.de\/geschichte\/wp-content\/uploads\/2024\/10\/kr-logo.jpg","width":114,"height":115,"caption":"Kriegsreisende"},"image":{"@id":"https:\/\/kriegsreisende.de\/geschichte\/#\/schema\/logo\/image\/"},"sameAs":["https:\/\/www.facebook.com\/profile.php\/?id=100078852462894","https:\/\/x.com\/Xeno78576728","https:\/\/kriegsreisende.blogspot.com\/"]},{"@type":"Person","@id":"https:\/\/kriegsreisende.de\/geschichte\/#\/schema\/person\/388b4cee2eb722fc8a240bd0191d3ed8","name":"admin","image":{"@type":"ImageObject","inLanguage":"de","@id":"https:\/\/secure.gravatar.com\/avatar\/4cb2008c2f8581edc32f94e576198e85aa28fab26d76622200388f78f12d0082?s=96&d=mm&r=g","url":"https:\/\/secure.gravatar.com\/avatar\/4cb2008c2f8581edc32f94e576198e85aa28fab26d76622200388f78f12d0082?s=96&d=mm&r=g","contentUrl":"https:\/\/secure.gravatar.com\/avatar\/4cb2008c2f8581edc32f94e576198e85aa28fab26d76622200388f78f12d0082?s=96&d=mm&r=g","caption":"admin"},"sameAs":["http:\/\/kriegsreisende.de\/geschichte"],"url":"https:\/\/kriegsreisende.de\/geschichte\/author\/admin\/"}]}},"_links":{"self":[{"href":"https:\/\/kriegsreisende.de\/geschichte\/wp-json\/wp\/v2\/posts\/4026","targetHints":{"allow":["GET"]}}],"collection":[{"href":"https:\/\/kriegsreisende.de\/geschichte\/wp-json\/wp\/v2\/posts"}],"about":[{"href":"https:\/\/kriegsreisende.de\/geschichte\/wp-json\/wp\/v2\/types\/post"}],"author":[{"embeddable":true,"href":"https:\/\/kriegsreisende.de\/geschichte\/wp-json\/wp\/v2\/users\/1"}],"replies":[{"embeddable":true,"href":"https:\/\/kriegsreisende.de\/geschichte\/wp-json\/wp\/v2\/comments?post=4026"}],"version-history":[{"count":3,"href":"https:\/\/kriegsreisende.de\/geschichte\/wp-json\/wp\/v2\/posts\/4026\/revisions"}],"predecessor-version":[{"id":4032,"href":"https:\/\/kriegsreisende.de\/geschichte\/wp-json\/wp\/v2\/posts\/4026\/revisions\/4032"}],"wp:featuredmedia":[{"embeddable":true,"href":"https:\/\/kriegsreisende.de\/geschichte\/wp-json\/wp\/v2\/media\/4029"}],"wp:attachment":[{"href":"https:\/\/kriegsreisende.de\/geschichte\/wp-json\/wp\/v2\/media?parent=4026"}],"wp:term":[{"taxonomy":"category","embeddable":true,"href":"https:\/\/kriegsreisende.de\/geschichte\/wp-json\/wp\/v2\/categories?post=4026"},{"taxonomy":"post_tag","embeddable":true,"href":"https:\/\/kriegsreisende.de\/geschichte\/wp-json\/wp\/v2\/tags?post=4026"}],"curies":[{"name":"wp","href":"https:\/\/api.w.org\/{rel}","templated":true}]}}