{"id":2556,"date":"2025-01-09T17:16:03","date_gmt":"2025-01-09T17:16:03","guid":{"rendered":"https:\/\/kriegsreisende.de\/geschichte\/?p=2556"},"modified":"2026-01-17T11:21:30","modified_gmt":"2026-01-17T11:21:30","slug":"gladiator-ii-2024","status":"publish","type":"post","link":"https:\/\/kriegsreisende.de\/geschichte\/medien\/gladiator-ii-2024\/","title":{"rendered":"Gladiator II (2024)"},"content":{"rendered":"\n<div class=\"wp-block-columns has-palette-color-8-background-color has-background is-layout-flex wp-container-core-columns-is-layout-76f59bdb wp-block-columns-is-layout-flex\" style=\"border-style:none;border-width:0px;padding-top:var(--wp--preset--spacing--20);padding-right:0;padding-bottom:var(--wp--preset--spacing--20);padding-left:0\">\n<div class=\"wp-block-column is-layout-flow wp-block-column-is-layout-flow\" style=\"border-style:none;border-width:0px\">\n<figure class=\"wp-block-image size-full\"><img loading=\"lazy\" decoding=\"async\" width=\"500\" height=\"750\" src=\"https:\/\/kriegsreisende.de\/geschichte\/wp-content\/uploads\/2025\/01\/gladiator-2.jpg\" alt=\"\" class=\"wp-image-2576\" srcset=\"https:\/\/kriegsreisende.de\/geschichte\/wp-content\/uploads\/2025\/01\/gladiator-2.jpg 500w, https:\/\/kriegsreisende.de\/geschichte\/wp-content\/uploads\/2025\/01\/gladiator-2-200x300.jpg 200w\" sizes=\"auto, (max-width: 500px) 100vw, 500px\" \/><\/figure>\n<\/div>\n\n\n\n<div class=\"wp-block-column is-layout-flow wp-block-column-is-layout-flow\" style=\"border-style:none;border-width:0px\">\n<p class=\"has-palette-color-4-color has-text-color has-link-color has-medium-font-size wp-elements-149b3621b6f6875489593194afd55d9c\" style=\"font-style:normal;font-weight:600\">Regie: Ridley Scott<\/p>\n\n\n\n<p class=\"has-medium-font-size\" style=\"font-style:normal;font-weight:600\">Drehbuch: Peter Craig, David Scarpa<\/p>\n\n\n\n<p class=\"has-medium-font-size\" style=\"font-style:normal;font-weight:600\">Hauptdarsteller: Paul Mescal, Denzel Washington, Pedro Pascal<\/p>\n\n\n\n<p>Eine durch und durch entt\u00e4uschende und \u00e4rgerliche Fortsetzung. Was dem Film an Ideen, Charakteren und Erz\u00e4hlung fehlt versucht Ridley Scott durch fantasielosen, oft geradezu l\u00e4cherlichen Bombast auszugleichen.<\/p>\n\n\n\n<h6 class=\"wp-block-heading\"><a href=\"https:\/\/www.imdb.com\/title\/tt9218128\/\" target=\"_blank\" rel=\"noreferrer noopener nofollow\">IMDB<\/a><\/h6>\n\n\n\n<figure class=\"wp-block-embed is-type-video is-provider-youtube wp-block-embed-youtube wp-embed-aspect-16-9 wp-has-aspect-ratio\"><div class=\"wp-block-embed__wrapper\">\n<iframe loading=\"lazy\" title=\"Gladiator II | Final Trailer (2024) - Paul Mescal, Pedro Pascal, Denzel Washington, Ridley Scott\" width=\"1290\" height=\"726\" src=\"https:\/\/www.youtube.com\/embed\/TQwSz88ITAE?feature=oembed\" frameborder=\"0\" allow=\"accelerometer; autoplay; clipboard-write; encrypted-media; gyroscope; picture-in-picture; web-share\" referrerpolicy=\"strict-origin-when-cross-origin\" allowfullscreen><\/iframe>\n<\/div><\/figure>\n<\/div>\n<\/div>\n\n\n\n<div class=\"wp-block-columns has-palette-color-8-background-color has-background is-layout-flex wp-container-core-columns-is-layout-76f59bdb wp-block-columns-is-layout-flex\" style=\"border-style:none;border-width:0px;padding-top:var(--wp--preset--spacing--20);padding-right:0;padding-bottom:var(--wp--preset--spacing--20);padding-left:0\">\n<div class=\"wp-block-column is-layout-flow wp-block-column-is-layout-flow\" style=\"border-style:none;border-width:0px;padding-right:0;padding-left:0\">\n<p class=\"wp-embed-aspect-16-9 wp-has-aspect-ratio\">Nach mehr als zwei Jahrzehnten pr\u00e4sentiert Ridley Scott mit <em>Gladiator II<\/em> die Fortsetzung seines Oscar-pr\u00e4mierten Meisterwerks von 2000. Leider entt\u00e4uscht der Film nicht nur jede Erwartung, sondern erweist sich als echtes \u00c4rgernis.<\/p>\n\n\n\n<p>Die Geschichte setzt Jahrzehnte nach Maximus\u2019 Tod ein und folgt Lucius (Paul Mescal), dem inzwischen erwachsenen Sohn von Lucilla. Doch statt einer packenden, tiefgr\u00fcndigen Erz\u00e4hlung bietet der Film eine wirre Aneinanderreihung von Szenen, die weder emotional ber\u00fchren noch dramaturgisch \u00fcberzeugen. Die Handlung wirkt konstruiert und voller Plotholes, die den Zuschauer mit Fragezeichen zur\u00fccklassen. Der Versuch, den Geist des Originals wiederzubeleben, scheitert kl\u00e4glich, da die Geschichte kaum neue Ideen bietet und sich in generischen Rache- und Machtintrigen verliert.<\/p>\n\n\n\n<p>Die &#8222;glorreiche R\u00fcckkehr&#8220; ins antike Rom f\u00fchlt sich weniger wie eine epische Reise an, sondern wie eine uninspirierte Netflix-Serie mit gro\u00dfem Budget. Die Dialoge sind flach, \u00fcberladen mit Klischees, und die Charaktere bleiben blass. Was einst ein emotionaler und packender Epos war, ist nun eine schlampig zusammengeschusterte Handlung, die sich m\u00fchselig von einer banalen Actionszene zu n\u00e4chsten hangelt und dabei vergeblich versucht, die gigantischen L\u00f6cher in der Geschichte wie auch der Charaktere zu \u00fcberdecken.<\/p>\n\n\n\n<p>Das grundlegende Problem ist, dass Ridley Scott nun einmal keine Zeit zum erz\u00e4hlen hat. Aber was bei Actionfilmen von Vorteil sein kann, ist bei Historienfilmen fatal. So wird der Angriff auf die nordafrikanische Stadt wie die Landung in der Normandie inszeniert, komplett mit Artillerie und Landungsbooten aber ohne jede Geduld. Man sollte hier vielleicht einmal daran denken, dass der r\u00f6mische Angriff auf Karthago ca. drei Jahre dauerte.<\/p>\n\n\n\n<figure class=\"wp-block-image size-large\"><img loading=\"lazy\" decoding=\"async\" width=\"1024\" height=\"427\" src=\"https:\/\/kriegsreisende.de\/geschichte\/wp-content\/uploads\/2025\/01\/gladiator-1-1024x427.jpg\" alt=\"\" class=\"wp-image-3086\" srcset=\"https:\/\/kriegsreisende.de\/geschichte\/wp-content\/uploads\/2025\/01\/gladiator-1-1024x427.jpg 1024w, https:\/\/kriegsreisende.de\/geschichte\/wp-content\/uploads\/2025\/01\/gladiator-1-300x125.jpg 300w, https:\/\/kriegsreisende.de\/geschichte\/wp-content\/uploads\/2025\/01\/gladiator-1-768x320.jpg 768w, https:\/\/kriegsreisende.de\/geschichte\/wp-content\/uploads\/2025\/01\/gladiator-1-1536x640.jpg 1536w, https:\/\/kriegsreisende.de\/geschichte\/wp-content\/uploads\/2025\/01\/gladiator-1.jpg 1920w\" sizes=\"auto, (max-width: 1024px) 100vw, 1024px\" \/><\/figure>\n\n\n\n<p>Was Ridley Scott an Geduld fehlt, versucht er dann durch \u00fcbertrieben, geradezu surrealen Bombast auszugleichen. Leider ist hierbei das Problem, dass ganz anders als beim ersten Gladiatorfilm heute schon TV-Serien das Kolosseum oder realistische r\u00f6mische Massenszenen vorf\u00fchren. Dies soll nun anscheinend durch noch gr\u00f6\u00dfere Spektakel \u00fcbertrumpft werden. Das Ergebnis ist leider oft l\u00e4cherlich. Da reitet ein Gladiator auf einem Rhinozeros in die Arena, und bei der Naumachia schwimmen gigantische Haie in der gefluteten Arena.<\/p>\n\n\n\n<figure class=\"wp-block-image size-large\"><img loading=\"lazy\" decoding=\"async\" width=\"1024\" height=\"427\" src=\"https:\/\/kriegsreisende.de\/geschichte\/wp-content\/uploads\/2025\/01\/gladiator-3-1024x427.jpg\" alt=\"\" class=\"wp-image-3087\" srcset=\"https:\/\/kriegsreisende.de\/geschichte\/wp-content\/uploads\/2025\/01\/gladiator-3-1024x427.jpg 1024w, https:\/\/kriegsreisende.de\/geschichte\/wp-content\/uploads\/2025\/01\/gladiator-3-300x125.jpg 300w, https:\/\/kriegsreisende.de\/geschichte\/wp-content\/uploads\/2025\/01\/gladiator-3-768x320.jpg 768w, https:\/\/kriegsreisende.de\/geschichte\/wp-content\/uploads\/2025\/01\/gladiator-3-1536x640.jpg 1536w, https:\/\/kriegsreisende.de\/geschichte\/wp-content\/uploads\/2025\/01\/gladiator-3.jpg 1920w\" sizes=\"auto, (max-width: 1024px) 100vw, 1024px\" \/><\/figure>\n\n\n\n<figure class=\"wp-block-image size-large\"><img loading=\"lazy\" decoding=\"async\" width=\"1024\" height=\"427\" src=\"https:\/\/kriegsreisende.de\/geschichte\/wp-content\/uploads\/2025\/01\/gladiator-4-1024x427.jpg\" alt=\"\" class=\"wp-image-3088\" srcset=\"https:\/\/kriegsreisende.de\/geschichte\/wp-content\/uploads\/2025\/01\/gladiator-4-1024x427.jpg 1024w, https:\/\/kriegsreisende.de\/geschichte\/wp-content\/uploads\/2025\/01\/gladiator-4-300x125.jpg 300w, https:\/\/kriegsreisende.de\/geschichte\/wp-content\/uploads\/2025\/01\/gladiator-4-768x320.jpg 768w, https:\/\/kriegsreisende.de\/geschichte\/wp-content\/uploads\/2025\/01\/gladiator-4-1536x640.jpg 1536w, https:\/\/kriegsreisende.de\/geschichte\/wp-content\/uploads\/2025\/01\/gladiator-4.jpg 1920w\" sizes=\"auto, (max-width: 1024px) 100vw, 1024px\" \/><\/figure>\n\n\n\n<p class=\"wp-embed-aspect-16-9 wp-has-aspect-ratio\">Am Ende startet der gel\u00e4uterte Held, der sich ja eigentlich an Rom hatte r\u00e4chen wollen, einen Aufstand der Gladiatoren, um die gute Republik mit all ihren Tugenden wieder zu errichten. Dabei redet er dann wie ein drittklassiger Politiker des 20. Jahrhunderts.<\/p>\n\n\n\n<h5 class=\"wp-block-heading\">Warum ist der Film in unserem Kontext interessant?<\/h5>\n\n\n\n<p>Leider ist von dem Film absolut nichts interessant, da er im Gegenteil eher zur Volksverdummung beitr\u00e4gt. Er ist bestenfalls ein gutes Beispiel f\u00fcr die aktuelle Mode, die Erz\u00e4hlung von Geschichte auf einige wenige Actionszenen zu reduzieren.<\/p>\n<\/div>\n<\/div>\n\n\n\n<h4 class=\"wp-block-heading\">Unser Rating: 4 von 10<\/h4>\n\n\n\n<p>Da der Film ist noch nicht einmal als Actionfilm gut gemacht ist und auch sonst au\u00dfer Entt\u00e4uschungen praktisch nichts zu bieten hatten, sollte man sich Zeit und Geld sparen.<\/p>\n\n\n\n<p><\/p>\n\n\n\n<p><\/p>\n\n\n\n<p><\/p>\n","protected":false},"excerpt":{"rendered":"<p>Eine durch und durch entt\u00e4uschende und \u00e4rgerliche Fortsetzung. Was dem Film an Ideen, Charakteren und Erz\u00e4hlung fehlt versucht Ridley Scott durch fantasielosen, oft geradezu l\u00e4cherlichen Bombast auszugleichen.<\/p>\n","protected":false},"author":1,"featured_media":2578,"comment_status":"open","ping_status":"open","sticky":false,"template":"","format":"standard","meta":{"footnotes":""},"categories":[199,156],"tags":[299,301,206,73],"class_list":["post-2556","post","type-post","status-publish","format-standard","has-post-thumbnail","hentry","category-filme","category-medien","tag-filmtipp","tag-mist","tag-peplum","tag-rom"],"blocksy_meta":[],"yoast_head":"<!-- This site is optimized with the Yoast SEO plugin v27.5 - https:\/\/yoast.com\/product\/yoast-seo-wordpress\/ -->\n<title>Gladiator II (2024) - Kriegsreisende<\/title>\n<meta name=\"robots\" content=\"index, follow, max-snippet:-1, max-image-preview:large, max-video-preview:-1\" \/>\n<link rel=\"canonical\" href=\"https:\/\/kriegsreisende.de\/geschichte\/medien\/gladiator-ii-2024\/\" \/>\n<meta property=\"og:locale\" content=\"de_DE\" \/>\n<meta property=\"og:type\" content=\"article\" \/>\n<meta property=\"og:title\" content=\"Gladiator II (2024) - Kriegsreisende\" \/>\n<meta property=\"og:description\" content=\"Eine durch und durch entt\u00e4uschende und \u00e4rgerliche Fortsetzung. Was dem Film an Ideen, Charakteren und Erz\u00e4hlung fehlt versucht Ridley Scott durch fantasielosen, oft geradezu l\u00e4cherlichen Bombast auszugleichen.\" \/>\n<meta property=\"og:url\" content=\"https:\/\/kriegsreisende.de\/geschichte\/medien\/gladiator-ii-2024\/\" \/>\n<meta property=\"og:site_name\" content=\"Kriegsreisende\" \/>\n<meta property=\"article:publisher\" content=\"https:\/\/www.facebook.com\/profile.php\/?id=100078852462894\" \/>\n<meta property=\"article:published_time\" content=\"2025-01-09T17:16:03+00:00\" \/>\n<meta property=\"article:modified_time\" content=\"2026-01-17T11:21:30+00:00\" \/>\n<meta property=\"og:image\" content=\"https:\/\/kriegsreisende.de\/geschichte\/wp-content\/uploads\/2025\/01\/gladiator-2-ft.jpg\" \/>\n\t<meta property=\"og:image:width\" content=\"300\" \/>\n\t<meta property=\"og:image:height\" content=\"450\" \/>\n\t<meta property=\"og:image:type\" content=\"image\/jpeg\" \/>\n<meta name=\"author\" content=\"admin\" \/>\n<meta name=\"twitter:card\" content=\"summary_large_image\" \/>\n<meta name=\"twitter:creator\" content=\"@Xeno78576728\" \/>\n<meta name=\"twitter:site\" content=\"@Xeno78576728\" \/>\n<meta name=\"twitter:label1\" content=\"Geschrieben von\" \/>\n\t<meta name=\"twitter:data1\" content=\"admin\" \/>\n\t<meta name=\"twitter:label2\" content=\"Gesch\u00e4tzte Lesezeit\" \/>\n\t<meta name=\"twitter:data2\" content=\"3\u00a0Minuten\" \/>\n<script type=\"application\/ld+json\" class=\"yoast-schema-graph\">{\"@context\":\"https:\\\/\\\/schema.org\",\"@graph\":[{\"@type\":\"Article\",\"@id\":\"https:\\\/\\\/kriegsreisende.de\\\/geschichte\\\/medien\\\/gladiator-ii-2024\\\/#article\",\"isPartOf\":{\"@id\":\"https:\\\/\\\/kriegsreisende.de\\\/geschichte\\\/medien\\\/gladiator-ii-2024\\\/\"},\"author\":{\"name\":\"admin\",\"@id\":\"https:\\\/\\\/kriegsreisende.de\\\/geschichte\\\/#\\\/schema\\\/person\\\/388b4cee2eb722fc8a240bd0191d3ed8\"},\"headline\":\"Gladiator II (2024)\",\"datePublished\":\"2025-01-09T17:16:03+00:00\",\"dateModified\":\"2026-01-17T11:21:30+00:00\",\"mainEntityOfPage\":{\"@id\":\"https:\\\/\\\/kriegsreisende.de\\\/geschichte\\\/medien\\\/gladiator-ii-2024\\\/\"},\"wordCount\":522,\"commentCount\":0,\"publisher\":{\"@id\":\"https:\\\/\\\/kriegsreisende.de\\\/geschichte\\\/#organization\"},\"image\":{\"@id\":\"https:\\\/\\\/kriegsreisende.de\\\/geschichte\\\/medien\\\/gladiator-ii-2024\\\/#primaryimage\"},\"thumbnailUrl\":\"https:\\\/\\\/kriegsreisende.de\\\/geschichte\\\/wp-content\\\/uploads\\\/2025\\\/01\\\/gladiator-2-ft.jpg\",\"keywords\":[\"Filmtipp\",\"Mist\",\"Peplum\",\"Rom\"],\"articleSection\":[\"Filme\",\"Medien\"],\"inLanguage\":\"de\",\"potentialAction\":[{\"@type\":\"CommentAction\",\"name\":\"Comment\",\"target\":[\"https:\\\/\\\/kriegsreisende.de\\\/geschichte\\\/medien\\\/gladiator-ii-2024\\\/#respond\"]}]},{\"@type\":\"WebPage\",\"@id\":\"https:\\\/\\\/kriegsreisende.de\\\/geschichte\\\/medien\\\/gladiator-ii-2024\\\/\",\"url\":\"https:\\\/\\\/kriegsreisende.de\\\/geschichte\\\/medien\\\/gladiator-ii-2024\\\/\",\"name\":\"Gladiator II (2024) - Kriegsreisende\",\"isPartOf\":{\"@id\":\"https:\\\/\\\/kriegsreisende.de\\\/geschichte\\\/#website\"},\"primaryImageOfPage\":{\"@id\":\"https:\\\/\\\/kriegsreisende.de\\\/geschichte\\\/medien\\\/gladiator-ii-2024\\\/#primaryimage\"},\"image\":{\"@id\":\"https:\\\/\\\/kriegsreisende.de\\\/geschichte\\\/medien\\\/gladiator-ii-2024\\\/#primaryimage\"},\"thumbnailUrl\":\"https:\\\/\\\/kriegsreisende.de\\\/geschichte\\\/wp-content\\\/uploads\\\/2025\\\/01\\\/gladiator-2-ft.jpg\",\"datePublished\":\"2025-01-09T17:16:03+00:00\",\"dateModified\":\"2026-01-17T11:21:30+00:00\",\"breadcrumb\":{\"@id\":\"https:\\\/\\\/kriegsreisende.de\\\/geschichte\\\/medien\\\/gladiator-ii-2024\\\/#breadcrumb\"},\"inLanguage\":\"de\",\"potentialAction\":[{\"@type\":\"ReadAction\",\"target\":[\"https:\\\/\\\/kriegsreisende.de\\\/geschichte\\\/medien\\\/gladiator-ii-2024\\\/\"]}]},{\"@type\":\"ImageObject\",\"inLanguage\":\"de\",\"@id\":\"https:\\\/\\\/kriegsreisende.de\\\/geschichte\\\/medien\\\/gladiator-ii-2024\\\/#primaryimage\",\"url\":\"https:\\\/\\\/kriegsreisende.de\\\/geschichte\\\/wp-content\\\/uploads\\\/2025\\\/01\\\/gladiator-2-ft.jpg\",\"contentUrl\":\"https:\\\/\\\/kriegsreisende.de\\\/geschichte\\\/wp-content\\\/uploads\\\/2025\\\/01\\\/gladiator-2-ft.jpg\",\"width\":300,\"height\":450,\"caption\":\"Gladiator II\"},{\"@type\":\"BreadcrumbList\",\"@id\":\"https:\\\/\\\/kriegsreisende.de\\\/geschichte\\\/medien\\\/gladiator-ii-2024\\\/#breadcrumb\",\"itemListElement\":[{\"@type\":\"ListItem\",\"position\":1,\"name\":\"Home\",\"item\":\"https:\\\/\\\/kriegsreisende.de\\\/geschichte\\\/\"},{\"@type\":\"ListItem\",\"position\":2,\"name\":\"Gladiator II (2024)\"}]},{\"@type\":\"WebSite\",\"@id\":\"https:\\\/\\\/kriegsreisende.de\\\/geschichte\\\/#website\",\"url\":\"https:\\\/\\\/kriegsreisende.de\\\/geschichte\\\/\",\"name\":\"Kriegsreisende\",\"description\":\"Die Geschichte der S\u00f6ldner\",\"publisher\":{\"@id\":\"https:\\\/\\\/kriegsreisende.de\\\/geschichte\\\/#organization\"},\"potentialAction\":[{\"@type\":\"SearchAction\",\"target\":{\"@type\":\"EntryPoint\",\"urlTemplate\":\"https:\\\/\\\/kriegsreisende.de\\\/geschichte\\\/?s={search_term_string}\"},\"query-input\":{\"@type\":\"PropertyValueSpecification\",\"valueRequired\":true,\"valueName\":\"search_term_string\"}}],\"inLanguage\":\"de\"},{\"@type\":\"Organization\",\"@id\":\"https:\\\/\\\/kriegsreisende.de\\\/geschichte\\\/#organization\",\"name\":\"Kriegsreisende\",\"url\":\"https:\\\/\\\/kriegsreisende.de\\\/geschichte\\\/\",\"logo\":{\"@type\":\"ImageObject\",\"inLanguage\":\"de\",\"@id\":\"https:\\\/\\\/kriegsreisende.de\\\/geschichte\\\/#\\\/schema\\\/logo\\\/image\\\/\",\"url\":\"https:\\\/\\\/kriegsreisende.de\\\/geschichte\\\/wp-content\\\/uploads\\\/2024\\\/10\\\/kr-logo.jpg\",\"contentUrl\":\"https:\\\/\\\/kriegsreisende.de\\\/geschichte\\\/wp-content\\\/uploads\\\/2024\\\/10\\\/kr-logo.jpg\",\"width\":114,\"height\":115,\"caption\":\"Kriegsreisende\"},\"image\":{\"@id\":\"https:\\\/\\\/kriegsreisende.de\\\/geschichte\\\/#\\\/schema\\\/logo\\\/image\\\/\"},\"sameAs\":[\"https:\\\/\\\/www.facebook.com\\\/profile.php\\\/?id=100078852462894\",\"https:\\\/\\\/x.com\\\/Xeno78576728\",\"https:\\\/\\\/kriegsreisende.blogspot.com\\\/\"]},{\"@type\":\"Person\",\"@id\":\"https:\\\/\\\/kriegsreisende.de\\\/geschichte\\\/#\\\/schema\\\/person\\\/388b4cee2eb722fc8a240bd0191d3ed8\",\"name\":\"admin\",\"image\":{\"@type\":\"ImageObject\",\"inLanguage\":\"de\",\"@id\":\"https:\\\/\\\/secure.gravatar.com\\\/avatar\\\/4cb2008c2f8581edc32f94e576198e85aa28fab26d76622200388f78f12d0082?s=96&d=mm&r=g\",\"url\":\"https:\\\/\\\/secure.gravatar.com\\\/avatar\\\/4cb2008c2f8581edc32f94e576198e85aa28fab26d76622200388f78f12d0082?s=96&d=mm&r=g\",\"contentUrl\":\"https:\\\/\\\/secure.gravatar.com\\\/avatar\\\/4cb2008c2f8581edc32f94e576198e85aa28fab26d76622200388f78f12d0082?s=96&d=mm&r=g\",\"caption\":\"admin\"},\"sameAs\":[\"http:\\\/\\\/kriegsreisende.de\\\/geschichte\"],\"url\":\"https:\\\/\\\/kriegsreisende.de\\\/geschichte\\\/author\\\/admin\\\/\"}]}<\/script>\n<!-- \/ Yoast SEO plugin. -->","yoast_head_json":{"title":"Gladiator II (2024) - Kriegsreisende","robots":{"index":"index","follow":"follow","max-snippet":"max-snippet:-1","max-image-preview":"max-image-preview:large","max-video-preview":"max-video-preview:-1"},"canonical":"https:\/\/kriegsreisende.de\/geschichte\/medien\/gladiator-ii-2024\/","og_locale":"de_DE","og_type":"article","og_title":"Gladiator II (2024) - Kriegsreisende","og_description":"Eine durch und durch entt\u00e4uschende und \u00e4rgerliche Fortsetzung. Was dem Film an Ideen, Charakteren und Erz\u00e4hlung fehlt versucht Ridley Scott durch fantasielosen, oft geradezu l\u00e4cherlichen Bombast auszugleichen.","og_url":"https:\/\/kriegsreisende.de\/geschichte\/medien\/gladiator-ii-2024\/","og_site_name":"Kriegsreisende","article_publisher":"https:\/\/www.facebook.com\/profile.php\/?id=100078852462894","article_published_time":"2025-01-09T17:16:03+00:00","article_modified_time":"2026-01-17T11:21:30+00:00","og_image":[{"width":300,"height":450,"url":"https:\/\/kriegsreisende.de\/geschichte\/wp-content\/uploads\/2025\/01\/gladiator-2-ft.jpg","type":"image\/jpeg"}],"author":"admin","twitter_card":"summary_large_image","twitter_creator":"@Xeno78576728","twitter_site":"@Xeno78576728","twitter_misc":{"Geschrieben von":"admin","Gesch\u00e4tzte Lesezeit":"3\u00a0Minuten"},"schema":{"@context":"https:\/\/schema.org","@graph":[{"@type":"Article","@id":"https:\/\/kriegsreisende.de\/geschichte\/medien\/gladiator-ii-2024\/#article","isPartOf":{"@id":"https:\/\/kriegsreisende.de\/geschichte\/medien\/gladiator-ii-2024\/"},"author":{"name":"admin","@id":"https:\/\/kriegsreisende.de\/geschichte\/#\/schema\/person\/388b4cee2eb722fc8a240bd0191d3ed8"},"headline":"Gladiator II (2024)","datePublished":"2025-01-09T17:16:03+00:00","dateModified":"2026-01-17T11:21:30+00:00","mainEntityOfPage":{"@id":"https:\/\/kriegsreisende.de\/geschichte\/medien\/gladiator-ii-2024\/"},"wordCount":522,"commentCount":0,"publisher":{"@id":"https:\/\/kriegsreisende.de\/geschichte\/#organization"},"image":{"@id":"https:\/\/kriegsreisende.de\/geschichte\/medien\/gladiator-ii-2024\/#primaryimage"},"thumbnailUrl":"https:\/\/kriegsreisende.de\/geschichte\/wp-content\/uploads\/2025\/01\/gladiator-2-ft.jpg","keywords":["Filmtipp","Mist","Peplum","Rom"],"articleSection":["Filme","Medien"],"inLanguage":"de","potentialAction":[{"@type":"CommentAction","name":"Comment","target":["https:\/\/kriegsreisende.de\/geschichte\/medien\/gladiator-ii-2024\/#respond"]}]},{"@type":"WebPage","@id":"https:\/\/kriegsreisende.de\/geschichte\/medien\/gladiator-ii-2024\/","url":"https:\/\/kriegsreisende.de\/geschichte\/medien\/gladiator-ii-2024\/","name":"Gladiator II (2024) - Kriegsreisende","isPartOf":{"@id":"https:\/\/kriegsreisende.de\/geschichte\/#website"},"primaryImageOfPage":{"@id":"https:\/\/kriegsreisende.de\/geschichte\/medien\/gladiator-ii-2024\/#primaryimage"},"image":{"@id":"https:\/\/kriegsreisende.de\/geschichte\/medien\/gladiator-ii-2024\/#primaryimage"},"thumbnailUrl":"https:\/\/kriegsreisende.de\/geschichte\/wp-content\/uploads\/2025\/01\/gladiator-2-ft.jpg","datePublished":"2025-01-09T17:16:03+00:00","dateModified":"2026-01-17T11:21:30+00:00","breadcrumb":{"@id":"https:\/\/kriegsreisende.de\/geschichte\/medien\/gladiator-ii-2024\/#breadcrumb"},"inLanguage":"de","potentialAction":[{"@type":"ReadAction","target":["https:\/\/kriegsreisende.de\/geschichte\/medien\/gladiator-ii-2024\/"]}]},{"@type":"ImageObject","inLanguage":"de","@id":"https:\/\/kriegsreisende.de\/geschichte\/medien\/gladiator-ii-2024\/#primaryimage","url":"https:\/\/kriegsreisende.de\/geschichte\/wp-content\/uploads\/2025\/01\/gladiator-2-ft.jpg","contentUrl":"https:\/\/kriegsreisende.de\/geschichte\/wp-content\/uploads\/2025\/01\/gladiator-2-ft.jpg","width":300,"height":450,"caption":"Gladiator II"},{"@type":"BreadcrumbList","@id":"https:\/\/kriegsreisende.de\/geschichte\/medien\/gladiator-ii-2024\/#breadcrumb","itemListElement":[{"@type":"ListItem","position":1,"name":"Home","item":"https:\/\/kriegsreisende.de\/geschichte\/"},{"@type":"ListItem","position":2,"name":"Gladiator II (2024)"}]},{"@type":"WebSite","@id":"https:\/\/kriegsreisende.de\/geschichte\/#website","url":"https:\/\/kriegsreisende.de\/geschichte\/","name":"Kriegsreisende","description":"Die Geschichte der S\u00f6ldner","publisher":{"@id":"https:\/\/kriegsreisende.de\/geschichte\/#organization"},"potentialAction":[{"@type":"SearchAction","target":{"@type":"EntryPoint","urlTemplate":"https:\/\/kriegsreisende.de\/geschichte\/?s={search_term_string}"},"query-input":{"@type":"PropertyValueSpecification","valueRequired":true,"valueName":"search_term_string"}}],"inLanguage":"de"},{"@type":"Organization","@id":"https:\/\/kriegsreisende.de\/geschichte\/#organization","name":"Kriegsreisende","url":"https:\/\/kriegsreisende.de\/geschichte\/","logo":{"@type":"ImageObject","inLanguage":"de","@id":"https:\/\/kriegsreisende.de\/geschichte\/#\/schema\/logo\/image\/","url":"https:\/\/kriegsreisende.de\/geschichte\/wp-content\/uploads\/2024\/10\/kr-logo.jpg","contentUrl":"https:\/\/kriegsreisende.de\/geschichte\/wp-content\/uploads\/2024\/10\/kr-logo.jpg","width":114,"height":115,"caption":"Kriegsreisende"},"image":{"@id":"https:\/\/kriegsreisende.de\/geschichte\/#\/schema\/logo\/image\/"},"sameAs":["https:\/\/www.facebook.com\/profile.php\/?id=100078852462894","https:\/\/x.com\/Xeno78576728","https:\/\/kriegsreisende.blogspot.com\/"]},{"@type":"Person","@id":"https:\/\/kriegsreisende.de\/geschichte\/#\/schema\/person\/388b4cee2eb722fc8a240bd0191d3ed8","name":"admin","image":{"@type":"ImageObject","inLanguage":"de","@id":"https:\/\/secure.gravatar.com\/avatar\/4cb2008c2f8581edc32f94e576198e85aa28fab26d76622200388f78f12d0082?s=96&d=mm&r=g","url":"https:\/\/secure.gravatar.com\/avatar\/4cb2008c2f8581edc32f94e576198e85aa28fab26d76622200388f78f12d0082?s=96&d=mm&r=g","contentUrl":"https:\/\/secure.gravatar.com\/avatar\/4cb2008c2f8581edc32f94e576198e85aa28fab26d76622200388f78f12d0082?s=96&d=mm&r=g","caption":"admin"},"sameAs":["http:\/\/kriegsreisende.de\/geschichte"],"url":"https:\/\/kriegsreisende.de\/geschichte\/author\/admin\/"}]}},"_links":{"self":[{"href":"https:\/\/kriegsreisende.de\/geschichte\/wp-json\/wp\/v2\/posts\/2556","targetHints":{"allow":["GET"]}}],"collection":[{"href":"https:\/\/kriegsreisende.de\/geschichte\/wp-json\/wp\/v2\/posts"}],"about":[{"href":"https:\/\/kriegsreisende.de\/geschichte\/wp-json\/wp\/v2\/types\/post"}],"author":[{"embeddable":true,"href":"https:\/\/kriegsreisende.de\/geschichte\/wp-json\/wp\/v2\/users\/1"}],"replies":[{"embeddable":true,"href":"https:\/\/kriegsreisende.de\/geschichte\/wp-json\/wp\/v2\/comments?post=2556"}],"version-history":[{"count":9,"href":"https:\/\/kriegsreisende.de\/geschichte\/wp-json\/wp\/v2\/posts\/2556\/revisions"}],"predecessor-version":[{"id":3608,"href":"https:\/\/kriegsreisende.de\/geschichte\/wp-json\/wp\/v2\/posts\/2556\/revisions\/3608"}],"wp:featuredmedia":[{"embeddable":true,"href":"https:\/\/kriegsreisende.de\/geschichte\/wp-json\/wp\/v2\/media\/2578"}],"wp:attachment":[{"href":"https:\/\/kriegsreisende.de\/geschichte\/wp-json\/wp\/v2\/media?parent=2556"}],"wp:term":[{"taxonomy":"category","embeddable":true,"href":"https:\/\/kriegsreisende.de\/geschichte\/wp-json\/wp\/v2\/categories?post=2556"},{"taxonomy":"post_tag","embeddable":true,"href":"https:\/\/kriegsreisende.de\/geschichte\/wp-json\/wp\/v2\/tags?post=2556"}],"curies":[{"name":"wp","href":"https:\/\/api.w.org\/{rel}","templated":true}]}}