{"id":2550,"date":"2025-01-09T17:06:40","date_gmt":"2025-01-09T17:06:40","guid":{"rendered":"https:\/\/kriegsreisende.de\/geschichte\/?p=2550"},"modified":"2026-01-16T18:21:50","modified_gmt":"2026-01-16T18:21:50","slug":"mosul-2019","status":"publish","type":"post","link":"https:\/\/kriegsreisende.de\/geschichte\/medien\/mosul-2019\/","title":{"rendered":"Mosul (2019)"},"content":{"rendered":"\n<div class=\"wp-block-columns has-palette-color-8-background-color has-background is-layout-flex wp-container-core-columns-is-layout-76f59bdb wp-block-columns-is-layout-flex\" style=\"border-style:none;border-width:0px;padding-top:var(--wp--preset--spacing--20);padding-right:0;padding-bottom:var(--wp--preset--spacing--20);padding-left:0\">\n<div class=\"wp-block-column is-layout-flow wp-block-column-is-layout-flow\" style=\"border-style:none;border-width:0px\">\n<figure class=\"wp-block-image size-full\"><img loading=\"lazy\" decoding=\"async\" width=\"500\" height=\"750\" src=\"https:\/\/kriegsreisende.de\/geschichte\/wp-content\/uploads\/2025\/01\/mosul.jpg\" alt=\"\" class=\"wp-image-2551\" srcset=\"https:\/\/kriegsreisende.de\/geschichte\/wp-content\/uploads\/2025\/01\/mosul.jpg 500w, https:\/\/kriegsreisende.de\/geschichte\/wp-content\/uploads\/2025\/01\/mosul-200x300.jpg 200w\" sizes=\"auto, (max-width: 500px) 100vw, 500px\" \/><\/figure>\n<\/div>\n\n\n\n<div class=\"wp-block-column is-layout-flow wp-block-column-is-layout-flow\" style=\"border-style:none;border-width:0px\">\n<p class=\"has-palette-color-4-color has-text-color has-link-color has-medium-font-size wp-elements-a40cb72a83984502d371675e2fb9286e\" style=\"font-style:normal;font-weight:600\">Regie: Matthew Michael Carnahan<\/p>\n\n\n\n<p class=\"has-medium-font-size\" style=\"font-style:normal;font-weight:600\">Drehbuch: Matthew Michael Carnahan<\/p>\n\n\n\n<p class=\"has-medium-font-size\" style=\"font-style:normal;font-weight:600\">Hauptdarsteller: Waleed Elgadi, Suhail Dabbach, Adam Bessa<\/p>\n\n\n\n<p><em>&#8222;Mosul&#8220;<\/em> ist ein authentischer, spannender Kriegsfilm, der den Kampf der Nineveh SWAT-Einheit gegen den sogenannten Islamischen Staat (IS) in den Tr\u00fcmmern der irakischen Stadt Mosul nachzeichnet.<\/p>\n\n\n\n<h6 class=\"wp-block-heading\"><a href=\"https:\/\/www.imdb.com\/title\/tt9252468\/\" target=\"_blank\" rel=\"noreferrer noopener nofollow\">IMDB<\/a><\/h6>\n\n\n\n<figure class=\"wp-block-embed is-type-video is-provider-youtube wp-block-embed-youtube wp-embed-aspect-16-9 wp-has-aspect-ratio\"><div class=\"wp-block-embed__wrapper\">\n<iframe loading=\"lazy\" title=\"Mosul | Official Trailer | Netflix\" width=\"1290\" height=\"726\" src=\"https:\/\/www.youtube.com\/embed\/Z9bw8MGkB-A?feature=oembed\" frameborder=\"0\" allow=\"accelerometer; autoplay; clipboard-write; encrypted-media; gyroscope; picture-in-picture; web-share\" referrerpolicy=\"strict-origin-when-cross-origin\" allowfullscreen><\/iframe>\n<\/div><\/figure>\n<\/div>\n<\/div>\n\n\n\n<div class=\"wp-block-columns has-palette-color-8-background-color has-background is-layout-flex wp-container-core-columns-is-layout-76f59bdb wp-block-columns-is-layout-flex\" style=\"border-style:none;border-width:0px;padding-top:var(--wp--preset--spacing--20);padding-right:0;padding-bottom:var(--wp--preset--spacing--20);padding-left:0\">\n<div class=\"wp-block-column is-layout-flow wp-block-column-is-layout-flow\" style=\"border-style:none;border-width:0px;padding-right:0;padding-left:0\">\n<p class=\"wp-embed-aspect-16-9 wp-has-aspect-ratio\">Der Film basiert auf einem Artikel des New Yorker und orientiert sich lose an wahren Begebenheiten. Im Mittelpunkt steht Kawa (Adam Bessa), ein junger Polizist, der nach einem Angriff des IS von der Nineveh SWAT-Einheit gerettet wird. Diese Gruppe, bestehend aus einheimischen K\u00e4mpfern, f\u00fchrt eine gef\u00e4hrliche Mission durch, die von Rache, \u00dcberleben und Befreiung angetrieben wird. W\u00e4hrend Kawa sich der Einheit anschlie\u00dft, entfaltet sich die Handlung in einem Mix aus gnadenlosen Feuergefechten und emotionalen Momenten, die die komplexe Dynamik zwischen den Figuren beleuchten.<\/p>\n\n\n\n<p>Die gr\u00f6\u00dfte St\u00e4rke von Mosul liegt in seiner Authentizit\u00e4t. Der Film verzichtet bewusst auf Hollywood-Klischees oder westliche Heldenfiguren und erz\u00e4hlt die Geschichte aus der Perspektive der irakischen K\u00e4mpfer. Die Dialoge werden auf Arabisch gef\u00fchrt, was zur immersiven Atmosph\u00e4re beitr\u00e4gt. Carnahan l\u00e4sst die Charaktere nicht nur als Soldaten, sondern auch als Menschen mit individuellen Geschichten und Traumata wirken.<\/p>\n\n\n\n<p class=\"wp-embed-aspect-16-9 wp-has-aspect-ratio\">Visuell beeindruckt der Film mit seiner rohen und intensiven Kameraf\u00fchrung. Die verw\u00fcsteten Stra\u00dfen und zerbombten Geb\u00e4ude Mosuls werden in d\u00fcsteren, realistischen Bildern eingefangen, die den Zuschauer mitten ins Geschehen versetzen. Besonders die Actionsequenzen, die oftmals in langen, ungeschnittenen Einstellungen gezeigt werden, erzeugen ein starkes Gef\u00fchl von Spannung und Dringlichkeit.<\/p>\n\n\n\n<p><em>Mosul<\/em> zeigt den modernen Krieg, der zwischen der Zivilbev\u00f6lkerung im Labyrinth von Ruinen und kleinen Gassen mit improvisierten Waffen, Drohnen und schwerer Artillerie gef\u00fchrt wird.<\/p>\n\n\n\n<figure class=\"wp-block-image size-large\"><img loading=\"lazy\" decoding=\"async\" width=\"1024\" height=\"427\" src=\"https:\/\/kriegsreisende.de\/geschichte\/wp-content\/uploads\/2025\/01\/mosul_5-1024x427.jpg\" alt=\"\" class=\"wp-image-3350\" srcset=\"https:\/\/kriegsreisende.de\/geschichte\/wp-content\/uploads\/2025\/01\/mosul_5-1024x427.jpg 1024w, https:\/\/kriegsreisende.de\/geschichte\/wp-content\/uploads\/2025\/01\/mosul_5-300x125.jpg 300w, https:\/\/kriegsreisende.de\/geschichte\/wp-content\/uploads\/2025\/01\/mosul_5-768x320.jpg 768w, https:\/\/kriegsreisende.de\/geschichte\/wp-content\/uploads\/2025\/01\/mosul_5-1536x640.jpg 1536w, https:\/\/kriegsreisende.de\/geschichte\/wp-content\/uploads\/2025\/01\/mosul_5.jpg 1920w\" sizes=\"auto, (max-width: 1024px) 100vw, 1024px\" \/><\/figure>\n\n\n\n<figure class=\"wp-block-image size-large\"><img loading=\"lazy\" decoding=\"async\" width=\"1024\" height=\"427\" src=\"https:\/\/kriegsreisende.de\/geschichte\/wp-content\/uploads\/2025\/01\/mosul_4-1024x427.jpg\" alt=\"\" class=\"wp-image-3351\" srcset=\"https:\/\/kriegsreisende.de\/geschichte\/wp-content\/uploads\/2025\/01\/mosul_4-1024x427.jpg 1024w, https:\/\/kriegsreisende.de\/geschichte\/wp-content\/uploads\/2025\/01\/mosul_4-300x125.jpg 300w, https:\/\/kriegsreisende.de\/geschichte\/wp-content\/uploads\/2025\/01\/mosul_4-768x320.jpg 768w, https:\/\/kriegsreisende.de\/geschichte\/wp-content\/uploads\/2025\/01\/mosul_4-1536x640.jpg 1536w, https:\/\/kriegsreisende.de\/geschichte\/wp-content\/uploads\/2025\/01\/mosul_4.jpg 1920w\" sizes=\"auto, (max-width: 1024px) 100vw, 1024px\" \/><\/figure>\n\n\n\n<figure class=\"wp-block-image size-large\"><img loading=\"lazy\" decoding=\"async\" width=\"1024\" height=\"427\" src=\"https:\/\/kriegsreisende.de\/geschichte\/wp-content\/uploads\/2025\/01\/mosul_3-1024x427.jpg\" alt=\"\" class=\"wp-image-3352\" srcset=\"https:\/\/kriegsreisende.de\/geschichte\/wp-content\/uploads\/2025\/01\/mosul_3-1024x427.jpg 1024w, https:\/\/kriegsreisende.de\/geschichte\/wp-content\/uploads\/2025\/01\/mosul_3-300x125.jpg 300w, https:\/\/kriegsreisende.de\/geschichte\/wp-content\/uploads\/2025\/01\/mosul_3-768x320.jpg 768w, https:\/\/kriegsreisende.de\/geschichte\/wp-content\/uploads\/2025\/01\/mosul_3-1536x640.jpg 1536w, https:\/\/kriegsreisende.de\/geschichte\/wp-content\/uploads\/2025\/01\/mosul_3.jpg 1920w\" sizes=\"auto, (max-width: 1024px) 100vw, 1024px\" \/><\/figure>\n\n\n\n<figure class=\"wp-block-image size-large\"><img loading=\"lazy\" decoding=\"async\" width=\"1024\" height=\"427\" src=\"https:\/\/kriegsreisende.de\/geschichte\/wp-content\/uploads\/2025\/01\/mosul_2-1024x427.jpg\" alt=\"\" class=\"wp-image-3353\" srcset=\"https:\/\/kriegsreisende.de\/geschichte\/wp-content\/uploads\/2025\/01\/mosul_2-1024x427.jpg 1024w, https:\/\/kriegsreisende.de\/geschichte\/wp-content\/uploads\/2025\/01\/mosul_2-300x125.jpg 300w, https:\/\/kriegsreisende.de\/geschichte\/wp-content\/uploads\/2025\/01\/mosul_2-768x320.jpg 768w, https:\/\/kriegsreisende.de\/geschichte\/wp-content\/uploads\/2025\/01\/mosul_2-1536x640.jpg 1536w, https:\/\/kriegsreisende.de\/geschichte\/wp-content\/uploads\/2025\/01\/mosul_2.jpg 1920w\" sizes=\"auto, (max-width: 1024px) 100vw, 1024px\" \/><\/figure>\n\n\n\n<h5 class=\"wp-block-heading\">Warum ist der Film in unserem Kontext interessant?<\/h5>\n\n\n\n<p>Im Gegensatz zu den \u00fcblichen Actionfilmen zeigt <em>Mosul<\/em> ein beeindruckend realistisches Bild der Stra\u00dfenk\u00e4mpfe in Syrien. F\u00fcr alle, die sich f\u00fcr das milit\u00e4rische Geschehen dort interessieren ist der Film ein absolutes Muss.<\/p>\n<\/div>\n<\/div>\n\n\n\n<h4 class=\"wp-block-heading\">Unser Rating: 8 von 10<\/h4>\n\n\n\n<p><\/p>\n\n\n\n<p><\/p>\n\n\n\n<p><\/p>\n\n\n\n<p><\/p>\n","protected":false},"excerpt":{"rendered":"<p>&#8222;Mosul&#8220; ist ein authentischer, spannender Kriegsfilm, der den Kampf der Nineveh SWAT-Einheit gegen den sogenannten Islamischen Staat (IS) in den Tr\u00fcmmern der irakischen Stadt Mosul nachzeichnet.<\/p>\n","protected":false},"author":1,"featured_media":2552,"comment_status":"open","ping_status":"open","sticky":false,"template":"","format":"standard","meta":{"footnotes":""},"categories":[199,156],"tags":[299,203,204,205,300],"class_list":["post-2550","post","type-post","status-publish","format-standard","has-post-thumbnail","hentry","category-filme","category-medien","tag-filmtipp","tag-irak","tag-isis","tag-moderner-krieg","tag-super"],"blocksy_meta":[],"yoast_head":"<!-- This site is optimized with the Yoast SEO plugin v27.5 - https:\/\/yoast.com\/product\/yoast-seo-wordpress\/ -->\n<title>Mosul (2019) - Kriegsreisende<\/title>\n<meta name=\"robots\" content=\"index, follow, max-snippet:-1, max-image-preview:large, max-video-preview:-1\" \/>\n<link rel=\"canonical\" href=\"https:\/\/kriegsreisende.de\/geschichte\/medien\/mosul-2019\/\" \/>\n<meta property=\"og:locale\" content=\"de_DE\" \/>\n<meta property=\"og:type\" content=\"article\" \/>\n<meta property=\"og:title\" content=\"Mosul (2019) - Kriegsreisende\" \/>\n<meta property=\"og:description\" content=\"&quot;Mosul&quot; ist ein authentischer, spannender Kriegsfilm, der den Kampf der Nineveh SWAT-Einheit gegen den sogenannten Islamischen Staat (IS) in den Tr\u00fcmmern der irakischen Stadt Mosul nachzeichnet.\" \/>\n<meta property=\"og:url\" content=\"https:\/\/kriegsreisende.de\/geschichte\/medien\/mosul-2019\/\" \/>\n<meta property=\"og:site_name\" content=\"Kriegsreisende\" \/>\n<meta property=\"article:publisher\" content=\"https:\/\/www.facebook.com\/profile.php\/?id=100078852462894\" \/>\n<meta property=\"article:published_time\" content=\"2025-01-09T17:06:40+00:00\" \/>\n<meta property=\"article:modified_time\" content=\"2026-01-16T18:21:50+00:00\" \/>\n<meta property=\"og:image\" content=\"https:\/\/kriegsreisende.de\/geschichte\/wp-content\/uploads\/2025\/01\/mosul-ft.jpg\" \/>\n\t<meta property=\"og:image:width\" content=\"300\" \/>\n\t<meta property=\"og:image:height\" content=\"450\" \/>\n\t<meta property=\"og:image:type\" content=\"image\/jpeg\" \/>\n<meta name=\"author\" content=\"admin\" \/>\n<meta name=\"twitter:card\" content=\"summary_large_image\" \/>\n<meta name=\"twitter:creator\" content=\"@Xeno78576728\" \/>\n<meta name=\"twitter:site\" content=\"@Xeno78576728\" \/>\n<meta name=\"twitter:label1\" content=\"Geschrieben von\" \/>\n\t<meta name=\"twitter:data1\" content=\"admin\" \/>\n\t<meta name=\"twitter:label2\" content=\"Gesch\u00e4tzte Lesezeit\" \/>\n\t<meta name=\"twitter:data2\" content=\"2\u00a0Minuten\" \/>\n<script type=\"application\/ld+json\" class=\"yoast-schema-graph\">{\"@context\":\"https:\\\/\\\/schema.org\",\"@graph\":[{\"@type\":\"Article\",\"@id\":\"https:\\\/\\\/kriegsreisende.de\\\/geschichte\\\/medien\\\/mosul-2019\\\/#article\",\"isPartOf\":{\"@id\":\"https:\\\/\\\/kriegsreisende.de\\\/geschichte\\\/medien\\\/mosul-2019\\\/\"},\"author\":{\"name\":\"admin\",\"@id\":\"https:\\\/\\\/kriegsreisende.de\\\/geschichte\\\/#\\\/schema\\\/person\\\/388b4cee2eb722fc8a240bd0191d3ed8\"},\"headline\":\"Mosul (2019)\",\"datePublished\":\"2025-01-09T17:06:40+00:00\",\"dateModified\":\"2026-01-16T18:21:50+00:00\",\"mainEntityOfPage\":{\"@id\":\"https:\\\/\\\/kriegsreisende.de\\\/geschichte\\\/medien\\\/mosul-2019\\\/\"},\"wordCount\":337,\"commentCount\":0,\"publisher\":{\"@id\":\"https:\\\/\\\/kriegsreisende.de\\\/geschichte\\\/#organization\"},\"image\":{\"@id\":\"https:\\\/\\\/kriegsreisende.de\\\/geschichte\\\/medien\\\/mosul-2019\\\/#primaryimage\"},\"thumbnailUrl\":\"https:\\\/\\\/kriegsreisende.de\\\/geschichte\\\/wp-content\\\/uploads\\\/2025\\\/01\\\/mosul-ft.jpg\",\"keywords\":[\"Filmtipp\",\"Irak\",\"Isis\",\"Moderner Krieg\",\"super\"],\"articleSection\":[\"Filme\",\"Medien\"],\"inLanguage\":\"de\",\"potentialAction\":[{\"@type\":\"CommentAction\",\"name\":\"Comment\",\"target\":[\"https:\\\/\\\/kriegsreisende.de\\\/geschichte\\\/medien\\\/mosul-2019\\\/#respond\"]}]},{\"@type\":\"WebPage\",\"@id\":\"https:\\\/\\\/kriegsreisende.de\\\/geschichte\\\/medien\\\/mosul-2019\\\/\",\"url\":\"https:\\\/\\\/kriegsreisende.de\\\/geschichte\\\/medien\\\/mosul-2019\\\/\",\"name\":\"Mosul (2019) - Kriegsreisende\",\"isPartOf\":{\"@id\":\"https:\\\/\\\/kriegsreisende.de\\\/geschichte\\\/#website\"},\"primaryImageOfPage\":{\"@id\":\"https:\\\/\\\/kriegsreisende.de\\\/geschichte\\\/medien\\\/mosul-2019\\\/#primaryimage\"},\"image\":{\"@id\":\"https:\\\/\\\/kriegsreisende.de\\\/geschichte\\\/medien\\\/mosul-2019\\\/#primaryimage\"},\"thumbnailUrl\":\"https:\\\/\\\/kriegsreisende.de\\\/geschichte\\\/wp-content\\\/uploads\\\/2025\\\/01\\\/mosul-ft.jpg\",\"datePublished\":\"2025-01-09T17:06:40+00:00\",\"dateModified\":\"2026-01-16T18:21:50+00:00\",\"breadcrumb\":{\"@id\":\"https:\\\/\\\/kriegsreisende.de\\\/geschichte\\\/medien\\\/mosul-2019\\\/#breadcrumb\"},\"inLanguage\":\"de\",\"potentialAction\":[{\"@type\":\"ReadAction\",\"target\":[\"https:\\\/\\\/kriegsreisende.de\\\/geschichte\\\/medien\\\/mosul-2019\\\/\"]}]},{\"@type\":\"ImageObject\",\"inLanguage\":\"de\",\"@id\":\"https:\\\/\\\/kriegsreisende.de\\\/geschichte\\\/medien\\\/mosul-2019\\\/#primaryimage\",\"url\":\"https:\\\/\\\/kriegsreisende.de\\\/geschichte\\\/wp-content\\\/uploads\\\/2025\\\/01\\\/mosul-ft.jpg\",\"contentUrl\":\"https:\\\/\\\/kriegsreisende.de\\\/geschichte\\\/wp-content\\\/uploads\\\/2025\\\/01\\\/mosul-ft.jpg\",\"width\":300,\"height\":450,\"caption\":\"Mosul Film\"},{\"@type\":\"BreadcrumbList\",\"@id\":\"https:\\\/\\\/kriegsreisende.de\\\/geschichte\\\/medien\\\/mosul-2019\\\/#breadcrumb\",\"itemListElement\":[{\"@type\":\"ListItem\",\"position\":1,\"name\":\"Home\",\"item\":\"https:\\\/\\\/kriegsreisende.de\\\/geschichte\\\/\"},{\"@type\":\"ListItem\",\"position\":2,\"name\":\"Mosul (2019)\"}]},{\"@type\":\"WebSite\",\"@id\":\"https:\\\/\\\/kriegsreisende.de\\\/geschichte\\\/#website\",\"url\":\"https:\\\/\\\/kriegsreisende.de\\\/geschichte\\\/\",\"name\":\"Kriegsreisende\",\"description\":\"Die Geschichte der S\u00f6ldner\",\"publisher\":{\"@id\":\"https:\\\/\\\/kriegsreisende.de\\\/geschichte\\\/#organization\"},\"potentialAction\":[{\"@type\":\"SearchAction\",\"target\":{\"@type\":\"EntryPoint\",\"urlTemplate\":\"https:\\\/\\\/kriegsreisende.de\\\/geschichte\\\/?s={search_term_string}\"},\"query-input\":{\"@type\":\"PropertyValueSpecification\",\"valueRequired\":true,\"valueName\":\"search_term_string\"}}],\"inLanguage\":\"de\"},{\"@type\":\"Organization\",\"@id\":\"https:\\\/\\\/kriegsreisende.de\\\/geschichte\\\/#organization\",\"name\":\"Kriegsreisende\",\"url\":\"https:\\\/\\\/kriegsreisende.de\\\/geschichte\\\/\",\"logo\":{\"@type\":\"ImageObject\",\"inLanguage\":\"de\",\"@id\":\"https:\\\/\\\/kriegsreisende.de\\\/geschichte\\\/#\\\/schema\\\/logo\\\/image\\\/\",\"url\":\"https:\\\/\\\/kriegsreisende.de\\\/geschichte\\\/wp-content\\\/uploads\\\/2024\\\/10\\\/kr-logo.jpg\",\"contentUrl\":\"https:\\\/\\\/kriegsreisende.de\\\/geschichte\\\/wp-content\\\/uploads\\\/2024\\\/10\\\/kr-logo.jpg\",\"width\":114,\"height\":115,\"caption\":\"Kriegsreisende\"},\"image\":{\"@id\":\"https:\\\/\\\/kriegsreisende.de\\\/geschichte\\\/#\\\/schema\\\/logo\\\/image\\\/\"},\"sameAs\":[\"https:\\\/\\\/www.facebook.com\\\/profile.php\\\/?id=100078852462894\",\"https:\\\/\\\/x.com\\\/Xeno78576728\",\"https:\\\/\\\/kriegsreisende.blogspot.com\\\/\"]},{\"@type\":\"Person\",\"@id\":\"https:\\\/\\\/kriegsreisende.de\\\/geschichte\\\/#\\\/schema\\\/person\\\/388b4cee2eb722fc8a240bd0191d3ed8\",\"name\":\"admin\",\"image\":{\"@type\":\"ImageObject\",\"inLanguage\":\"de\",\"@id\":\"https:\\\/\\\/secure.gravatar.com\\\/avatar\\\/4cb2008c2f8581edc32f94e576198e85aa28fab26d76622200388f78f12d0082?s=96&d=mm&r=g\",\"url\":\"https:\\\/\\\/secure.gravatar.com\\\/avatar\\\/4cb2008c2f8581edc32f94e576198e85aa28fab26d76622200388f78f12d0082?s=96&d=mm&r=g\",\"contentUrl\":\"https:\\\/\\\/secure.gravatar.com\\\/avatar\\\/4cb2008c2f8581edc32f94e576198e85aa28fab26d76622200388f78f12d0082?s=96&d=mm&r=g\",\"caption\":\"admin\"},\"sameAs\":[\"http:\\\/\\\/kriegsreisende.de\\\/geschichte\"],\"url\":\"https:\\\/\\\/kriegsreisende.de\\\/geschichte\\\/author\\\/admin\\\/\"}]}<\/script>\n<!-- \/ Yoast SEO plugin. -->","yoast_head_json":{"title":"Mosul (2019) - Kriegsreisende","robots":{"index":"index","follow":"follow","max-snippet":"max-snippet:-1","max-image-preview":"max-image-preview:large","max-video-preview":"max-video-preview:-1"},"canonical":"https:\/\/kriegsreisende.de\/geschichte\/medien\/mosul-2019\/","og_locale":"de_DE","og_type":"article","og_title":"Mosul (2019) - Kriegsreisende","og_description":"\"Mosul\" ist ein authentischer, spannender Kriegsfilm, der den Kampf der Nineveh SWAT-Einheit gegen den sogenannten Islamischen Staat (IS) in den Tr\u00fcmmern der irakischen Stadt Mosul nachzeichnet.","og_url":"https:\/\/kriegsreisende.de\/geschichte\/medien\/mosul-2019\/","og_site_name":"Kriegsreisende","article_publisher":"https:\/\/www.facebook.com\/profile.php\/?id=100078852462894","article_published_time":"2025-01-09T17:06:40+00:00","article_modified_time":"2026-01-16T18:21:50+00:00","og_image":[{"width":300,"height":450,"url":"https:\/\/kriegsreisende.de\/geschichte\/wp-content\/uploads\/2025\/01\/mosul-ft.jpg","type":"image\/jpeg"}],"author":"admin","twitter_card":"summary_large_image","twitter_creator":"@Xeno78576728","twitter_site":"@Xeno78576728","twitter_misc":{"Geschrieben von":"admin","Gesch\u00e4tzte Lesezeit":"2\u00a0Minuten"},"schema":{"@context":"https:\/\/schema.org","@graph":[{"@type":"Article","@id":"https:\/\/kriegsreisende.de\/geschichte\/medien\/mosul-2019\/#article","isPartOf":{"@id":"https:\/\/kriegsreisende.de\/geschichte\/medien\/mosul-2019\/"},"author":{"name":"admin","@id":"https:\/\/kriegsreisende.de\/geschichte\/#\/schema\/person\/388b4cee2eb722fc8a240bd0191d3ed8"},"headline":"Mosul (2019)","datePublished":"2025-01-09T17:06:40+00:00","dateModified":"2026-01-16T18:21:50+00:00","mainEntityOfPage":{"@id":"https:\/\/kriegsreisende.de\/geschichte\/medien\/mosul-2019\/"},"wordCount":337,"commentCount":0,"publisher":{"@id":"https:\/\/kriegsreisende.de\/geschichte\/#organization"},"image":{"@id":"https:\/\/kriegsreisende.de\/geschichte\/medien\/mosul-2019\/#primaryimage"},"thumbnailUrl":"https:\/\/kriegsreisende.de\/geschichte\/wp-content\/uploads\/2025\/01\/mosul-ft.jpg","keywords":["Filmtipp","Irak","Isis","Moderner Krieg","super"],"articleSection":["Filme","Medien"],"inLanguage":"de","potentialAction":[{"@type":"CommentAction","name":"Comment","target":["https:\/\/kriegsreisende.de\/geschichte\/medien\/mosul-2019\/#respond"]}]},{"@type":"WebPage","@id":"https:\/\/kriegsreisende.de\/geschichte\/medien\/mosul-2019\/","url":"https:\/\/kriegsreisende.de\/geschichte\/medien\/mosul-2019\/","name":"Mosul (2019) - Kriegsreisende","isPartOf":{"@id":"https:\/\/kriegsreisende.de\/geschichte\/#website"},"primaryImageOfPage":{"@id":"https:\/\/kriegsreisende.de\/geschichte\/medien\/mosul-2019\/#primaryimage"},"image":{"@id":"https:\/\/kriegsreisende.de\/geschichte\/medien\/mosul-2019\/#primaryimage"},"thumbnailUrl":"https:\/\/kriegsreisende.de\/geschichte\/wp-content\/uploads\/2025\/01\/mosul-ft.jpg","datePublished":"2025-01-09T17:06:40+00:00","dateModified":"2026-01-16T18:21:50+00:00","breadcrumb":{"@id":"https:\/\/kriegsreisende.de\/geschichte\/medien\/mosul-2019\/#breadcrumb"},"inLanguage":"de","potentialAction":[{"@type":"ReadAction","target":["https:\/\/kriegsreisende.de\/geschichte\/medien\/mosul-2019\/"]}]},{"@type":"ImageObject","inLanguage":"de","@id":"https:\/\/kriegsreisende.de\/geschichte\/medien\/mosul-2019\/#primaryimage","url":"https:\/\/kriegsreisende.de\/geschichte\/wp-content\/uploads\/2025\/01\/mosul-ft.jpg","contentUrl":"https:\/\/kriegsreisende.de\/geschichte\/wp-content\/uploads\/2025\/01\/mosul-ft.jpg","width":300,"height":450,"caption":"Mosul Film"},{"@type":"BreadcrumbList","@id":"https:\/\/kriegsreisende.de\/geschichte\/medien\/mosul-2019\/#breadcrumb","itemListElement":[{"@type":"ListItem","position":1,"name":"Home","item":"https:\/\/kriegsreisende.de\/geschichte\/"},{"@type":"ListItem","position":2,"name":"Mosul (2019)"}]},{"@type":"WebSite","@id":"https:\/\/kriegsreisende.de\/geschichte\/#website","url":"https:\/\/kriegsreisende.de\/geschichte\/","name":"Kriegsreisende","description":"Die Geschichte der S\u00f6ldner","publisher":{"@id":"https:\/\/kriegsreisende.de\/geschichte\/#organization"},"potentialAction":[{"@type":"SearchAction","target":{"@type":"EntryPoint","urlTemplate":"https:\/\/kriegsreisende.de\/geschichte\/?s={search_term_string}"},"query-input":{"@type":"PropertyValueSpecification","valueRequired":true,"valueName":"search_term_string"}}],"inLanguage":"de"},{"@type":"Organization","@id":"https:\/\/kriegsreisende.de\/geschichte\/#organization","name":"Kriegsreisende","url":"https:\/\/kriegsreisende.de\/geschichte\/","logo":{"@type":"ImageObject","inLanguage":"de","@id":"https:\/\/kriegsreisende.de\/geschichte\/#\/schema\/logo\/image\/","url":"https:\/\/kriegsreisende.de\/geschichte\/wp-content\/uploads\/2024\/10\/kr-logo.jpg","contentUrl":"https:\/\/kriegsreisende.de\/geschichte\/wp-content\/uploads\/2024\/10\/kr-logo.jpg","width":114,"height":115,"caption":"Kriegsreisende"},"image":{"@id":"https:\/\/kriegsreisende.de\/geschichte\/#\/schema\/logo\/image\/"},"sameAs":["https:\/\/www.facebook.com\/profile.php\/?id=100078852462894","https:\/\/x.com\/Xeno78576728","https:\/\/kriegsreisende.blogspot.com\/"]},{"@type":"Person","@id":"https:\/\/kriegsreisende.de\/geschichte\/#\/schema\/person\/388b4cee2eb722fc8a240bd0191d3ed8","name":"admin","image":{"@type":"ImageObject","inLanguage":"de","@id":"https:\/\/secure.gravatar.com\/avatar\/4cb2008c2f8581edc32f94e576198e85aa28fab26d76622200388f78f12d0082?s=96&d=mm&r=g","url":"https:\/\/secure.gravatar.com\/avatar\/4cb2008c2f8581edc32f94e576198e85aa28fab26d76622200388f78f12d0082?s=96&d=mm&r=g","contentUrl":"https:\/\/secure.gravatar.com\/avatar\/4cb2008c2f8581edc32f94e576198e85aa28fab26d76622200388f78f12d0082?s=96&d=mm&r=g","caption":"admin"},"sameAs":["http:\/\/kriegsreisende.de\/geschichte"],"url":"https:\/\/kriegsreisende.de\/geschichte\/author\/admin\/"}]}},"_links":{"self":[{"href":"https:\/\/kriegsreisende.de\/geschichte\/wp-json\/wp\/v2\/posts\/2550","targetHints":{"allow":["GET"]}}],"collection":[{"href":"https:\/\/kriegsreisende.de\/geschichte\/wp-json\/wp\/v2\/posts"}],"about":[{"href":"https:\/\/kriegsreisende.de\/geschichte\/wp-json\/wp\/v2\/types\/post"}],"author":[{"embeddable":true,"href":"https:\/\/kriegsreisende.de\/geschichte\/wp-json\/wp\/v2\/users\/1"}],"replies":[{"embeddable":true,"href":"https:\/\/kriegsreisende.de\/geschichte\/wp-json\/wp\/v2\/comments?post=2550"}],"version-history":[{"count":7,"href":"https:\/\/kriegsreisende.de\/geschichte\/wp-json\/wp\/v2\/posts\/2550\/revisions"}],"predecessor-version":[{"id":3354,"href":"https:\/\/kriegsreisende.de\/geschichte\/wp-json\/wp\/v2\/posts\/2550\/revisions\/3354"}],"wp:featuredmedia":[{"embeddable":true,"href":"https:\/\/kriegsreisende.de\/geschichte\/wp-json\/wp\/v2\/media\/2552"}],"wp:attachment":[{"href":"https:\/\/kriegsreisende.de\/geschichte\/wp-json\/wp\/v2\/media?parent=2550"}],"wp:term":[{"taxonomy":"category","embeddable":true,"href":"https:\/\/kriegsreisende.de\/geschichte\/wp-json\/wp\/v2\/categories?post=2550"},{"taxonomy":"post_tag","embeddable":true,"href":"https:\/\/kriegsreisende.de\/geschichte\/wp-json\/wp\/v2\/tags?post=2550"}],"curies":[{"name":"wp","href":"https:\/\/api.w.org\/{rel}","templated":true}]}}